{"id":9092,"date":"2025-09-05T18:05:27","date_gmt":"2025-09-05T16:05:27","guid":{"rendered":"https:\/\/987aldia.com\/web\/combate-contra-incendio-en-berlanga-del-bierzo-aviones-y-vehiculos-terrestres-entran-en-accion\/"},"modified":"2025-09-05T18:05:27","modified_gmt":"2025-09-05T16:05:27","slug":"combate-contra-incendio-en-berlanga-del-bierzo-aviones-y-vehiculos-terrestres-entran-en-accion","status":"publish","type":"post","link":"https:\/\/987aldia.com\/web\/combate-contra-incendio-en-berlanga-del-bierzo-aviones-y-vehiculos-terrestres-entran-en-accion\/","title":{"rendered":"Combate contra incendio en Berlanga del Bierzo: Aviones y veh\u00edculos terrestres entran en acci\u00f3n"},"content":{"rendered":"<p>Un nuevo incendio ha estallado en la localidad de Berlanga del Bierzo, desatando la intervenci\u00f3n inmediata de medios a\u00e9reos y terrestres en la zona. El fuego, que comenz\u00f3 poco antes de las 16:30 horas, ha generado una situaci\u00f3n de emergencia en la regi\u00f3n, poniendo en alerta a las autoridades locales y a los equipos de extinci\u00f3n.<\/p>\n<p>La r\u00e1pida respuesta de los bomberos y de los equipos especializados ha permitido contener en parte las llamas, aunque el desaf\u00edo de sofocar por completo el incendio se mantiene latente. La topograf\u00eda monta\u00f1osa y la vegetaci\u00f3n abundante en la zona complican las labores de extinci\u00f3n, mientras que el viento y las altas temperaturas juegan en contra de los esfuerzos de los bomberos.<\/p>\n<p>Por el momento, no se reportan heridos ni da\u00f1os materiales de consideraci\u00f3n, pero la comunidad local permanece en vilo ante la posibilidad de que el incendio se propague r\u00e1pidamente. El trabajo coordinado de los equipos de emergencia es fundamental en momentos como este, donde la prevenci\u00f3n y la r\u00e1pida actuaci\u00f3n son clave para evitar consecuencias graves.<\/p>\n<p>Las autoridades contin\u00faan monitoreando la evoluci\u00f3n de la situaci\u00f3n y brindando apoyo a los afectados, mientras se espera que las condiciones clim\u00e1ticas mejoren para facilitar las labores de extinci\u00f3n. Mantendremos informada a la poblaci\u00f3n sobre cualquier novedad relacionada con este incendio en Berlanga del Bierzo.<\/p>\n","protected":false},"excerpt":{"rendered":"<p>Un nuevo incendio ha estallado en la localidad de Berlanga del Bierzo, desatando la intervenci\u00f3n inmediata de medios a\u00e9reos y terrestres en la zona. El fuego, que comenz\u00f3 poco antes de las 16:30 horas, ha generado una situaci\u00f3n de emergencia en la regi\u00f3n, poniendo en alerta a las autoridades locales y a los equipos de [&hellip;]<\/p>\n","protected":false},"author":1,"featured_media":9093,"comment_status":"open","ping_status":"closed","sticky":false,"template":"","format":"standard","meta":{"_monsterinsights_skip_tracking":false,"_monsterinsights_sitenote_active":false,"_monsterinsights_sitenote_note":"","_monsterinsights_sitenote_category":0,"site-container-style":"default","site-container-layout":"default","site-sidebar-layout":"default","disable-article-header":"default","disable-site-header":"default","disable-site-footer":"default","disable-content-area-spacing":"default","_jetpack_memberships_contains_paid_content":false,"footnotes":"","jetpack_publicize_message":"","jetpack_publicize_feature_enabled":true,"jetpack_social_post_already_shared":true,"jetpack_social_options":{"image_generator_settings":{"template":"highway","default_image_id":0,"font":"","enabled":false},"version":2}},"categories":[1],"tags":[],"class_list":["post-9092","post","type-post","status-publish","format-standard","has-post-thumbnail","hentry","category-uncategorized"],"jetpack_publicize_connections":[],"jetpack_featured_media_url":"https:\/\/987aldia.com\/web\/wp-content\/uploads\/2025\/09\/68bb0a476e5fb.jpg","jetpack_sharing_enabled":true,"_links":{"self":[{"href":"https:\/\/987aldia.com\/web\/wp-json\/wp\/v2\/posts\/9092","targetHints":{"allow":["GET"]}}],"collection":[{"href":"https:\/\/987aldia.com\/web\/wp-json\/wp\/v2\/posts"}],"about":[{"href":"https:\/\/987aldia.com\/web\/wp-json\/wp\/v2\/types\/post"}],"author":[{"embeddable":true,"href":"https:\/\/987aldia.com\/web\/wp-json\/wp\/v2\/users\/1"}],"replies":[{"embeddable":true,"href":"https:\/\/987aldia.com\/web\/wp-json\/wp\/v2\/comments?post=9092"}],"version-history":[{"count":0,"href":"https:\/\/987aldia.com\/web\/wp-json\/wp\/v2\/posts\/9092\/revisions"}],"wp:featuredmedia":[{"embeddable":true,"href":"https:\/\/987aldia.com\/web\/wp-json\/wp\/v2\/media\/9093"}],"wp:attachment":[{"href":"https:\/\/987aldia.com\/web\/wp-json\/wp\/v2\/media?parent=9092"}],"wp:term":[{"taxonomy":"category","embeddable":true,"href":"https:\/\/987aldia.com\/web\/wp-json\/wp\/v2\/categories?post=9092"},{"taxonomy":"post_tag","embeddable":true,"href":"https:\/\/987aldia.com\/web\/wp-json\/wp\/v2\/tags?post=9092"}],"curies":[{"name":"wp","href":"https:\/\/api.w.org\/{rel}","templated":true}]}}