{"id":9094,"date":"2025-09-05T20:05:29","date_gmt":"2025-09-05T18:05:29","guid":{"rendered":"https:\/\/987aldia.com\/web\/obras-urgentes-en-las-medulas-aula-arqueologica-y-mirador-de-orellan-en-estado-de-emergencia\/"},"modified":"2025-09-05T20:05:29","modified_gmt":"2025-09-05T18:05:29","slug":"obras-urgentes-en-las-medulas-aula-arqueologica-y-mirador-de-orellan-en-estado-de-emergencia","status":"publish","type":"post","link":"https:\/\/987aldia.com\/web\/obras-urgentes-en-las-medulas-aula-arqueologica-y-mirador-de-orellan-en-estado-de-emergencia\/","title":{"rendered":"\u00abObras urgentes en Las M\u00e9dulas: Aula Arqueol\u00f3gica y Mirador de Orell\u00e1n en estado de emergencia\u00bb"},"content":{"rendered":"<p>En un intento por preservar y dar valor al patrimonio arqueol\u00f3gico de Las M\u00e9dulas, han sido declaradas de emergencia las obras destinadas a la construcci\u00f3n del Aula Arqueol\u00f3gica y la recuperaci\u00f3n del Mirador de Orell\u00e1n. Este proyecto, que cuenta con un presupuesto de 2,4 millones de euros, busca rescatar y poner en valor uno de los sitios de mayor inter\u00e9s hist\u00f3rico y cultural de la regi\u00f3n.<\/p>\n<p>Las M\u00e9dulas, declaradas Patrimonio de la Humanidad por la UNESCO en 1997, representan un legado invaluable de la \u00e9poca romana en la pen\u00ednsula ib\u00e9rica. Sin embargo, la falta de mantenimiento y la presi\u00f3n tur\u00edstica han puesto en peligro la integridad de este enclave \u00fanico.<\/p>\n<p>Con la puesta en marcha de estas obras de emergencia, se espera no solo preservar el legado arqueol\u00f3gico de Las M\u00e9dulas, sino tambi\u00e9n promover su estudio y difusi\u00f3n entre la poblaci\u00f3n. La construcci\u00f3n del Aula Arqueol\u00f3gica y la recuperaci\u00f3n del Mirador de Orell\u00e1n son pasos fundamentales en el proceso de conservaci\u00f3n y puesta en valor de este importante sitio hist\u00f3rico.<\/p>\n<p>Se espera que estas obras contribuyan a fortalecer el turismo cultural en la regi\u00f3n, atrayendo a visitantes interesados en conocer de cerca la historia y la arqueolog\u00eda de Las M\u00e9dulas. Sin duda, se trata de una inversi\u00f3n necesaria para garantizar la preservaci\u00f3n de nuestro patrimonio y fomentar su disfrute por las generaciones futuras.<\/p>\n","protected":false},"excerpt":{"rendered":"<p>En un intento por preservar y dar valor al patrimonio arqueol\u00f3gico de Las M\u00e9dulas, han sido declaradas de emergencia las obras destinadas a la construcci\u00f3n del Aula Arqueol\u00f3gica y la recuperaci\u00f3n del Mirador de Orell\u00e1n. Este proyecto, que cuenta con un presupuesto de 2,4 millones de euros, busca rescatar y poner en valor uno de [&hellip;]<\/p>\n","protected":false},"author":1,"featured_media":9095,"comment_status":"open","ping_status":"closed","sticky":false,"template":"","format":"standard","meta":{"_monsterinsights_skip_tracking":false,"_monsterinsights_sitenote_active":false,"_monsterinsights_sitenote_note":"","_monsterinsights_sitenote_category":0,"site-container-style":"default","site-container-layout":"default","site-sidebar-layout":"default","disable-article-header":"default","disable-site-header":"default","disable-site-footer":"default","disable-content-area-spacing":"default","_jetpack_memberships_contains_paid_content":false,"footnotes":"","jetpack_publicize_message":"","jetpack_publicize_feature_enabled":true,"jetpack_social_post_already_shared":true,"jetpack_social_options":{"image_generator_settings":{"template":"highway","default_image_id":0,"font":"","enabled":false},"version":2}},"categories":[1],"tags":[],"class_list":["post-9094","post","type-post","status-publish","format-standard","has-post-thumbnail","hentry","category-uncategorized"],"jetpack_publicize_connections":[],"jetpack_featured_media_url":"https:\/\/987aldia.com\/web\/wp-content\/uploads\/2025\/09\/68bb26696c6cb.jpg","jetpack_sharing_enabled":true,"_links":{"self":[{"href":"https:\/\/987aldia.com\/web\/wp-json\/wp\/v2\/posts\/9094","targetHints":{"allow":["GET"]}}],"collection":[{"href":"https:\/\/987aldia.com\/web\/wp-json\/wp\/v2\/posts"}],"about":[{"href":"https:\/\/987aldia.com\/web\/wp-json\/wp\/v2\/types\/post"}],"author":[{"embeddable":true,"href":"https:\/\/987aldia.com\/web\/wp-json\/wp\/v2\/users\/1"}],"replies":[{"embeddable":true,"href":"https:\/\/987aldia.com\/web\/wp-json\/wp\/v2\/comments?post=9094"}],"version-history":[{"count":0,"href":"https:\/\/987aldia.com\/web\/wp-json\/wp\/v2\/posts\/9094\/revisions"}],"wp:featuredmedia":[{"embeddable":true,"href":"https:\/\/987aldia.com\/web\/wp-json\/wp\/v2\/media\/9095"}],"wp:attachment":[{"href":"https:\/\/987aldia.com\/web\/wp-json\/wp\/v2\/media?parent=9094"}],"wp:term":[{"taxonomy":"category","embeddable":true,"href":"https:\/\/987aldia.com\/web\/wp-json\/wp\/v2\/categories?post=9094"},{"taxonomy":"post_tag","embeddable":true,"href":"https:\/\/987aldia.com\/web\/wp-json\/wp\/v2\/tags?post=9094"}],"curies":[{"name":"wp","href":"https:\/\/api.w.org\/{rel}","templated":true}]}}