{"id":9108,"date":"2025-09-06T13:47:56","date_gmt":"2025-09-06T11:47:56","guid":{"rendered":"https:\/\/987aldia.com\/web\/la-berciana-que-se-lanza-a-la-conquista-de-la-milla-de-oro-de-madrid\/"},"modified":"2025-09-06T13:47:56","modified_gmt":"2025-09-06T11:47:56","slug":"la-berciana-que-se-lanza-a-la-conquista-de-la-milla-de-oro-de-madrid","status":"publish","type":"post","link":"https:\/\/987aldia.com\/web\/la-berciana-que-se-lanza-a-la-conquista-de-la-milla-de-oro-de-madrid\/","title":{"rendered":"La berciana que se lanza a la conquista de la Milla de Oro de Madrid"},"content":{"rendered":"<p>La dise\u00f1adora berciana Silvia Fern\u00e1ndez se prepara para abrir en octubre su segunda tienda en el prestigioso barrio de Salamanca, Madrid. Este nuevo establecimiento se ubicar\u00e1 en la conocida Milla de Oro, un \u00e1rea famosa por albergar algunas de las firmas m\u00e1s lujosas y exclusivas del mundo, como Gucci, Louis Vuitton, Prada y Chanel.<\/p>\n<p>Silvia Fern\u00e1ndez, originaria de la regi\u00f3n de El Bierzo en Le\u00f3n, ha logrado posicionarse en el competitivo mundo de la moda gracias a su talento y dedicaci\u00f3n. Su primera tienda, que ha tenido un \u00e9xito notable, le ha permitido expandir su marca y llevar sus dise\u00f1os a un p\u00fablico m\u00e1s amplio en la capital espa\u00f1ola.<\/p>\n<p>La apertura de esta nueva tienda no solo representa un hito en la carrera de Fern\u00e1ndez, sino que tambi\u00e9n pone de manifiesto el creciente reconocimiento de los dise\u00f1adores de Castilla y Le\u00f3n en el panorama nacional e internacional. La presencia de su marca en una de las zonas comerciales m\u00e1s exclusivas de Madrid es un reflejo de la calidad y el prestigio de sus creaciones.<\/p>\n<p>El impacto local en Le\u00f3n es significativo, ya que Fern\u00e1ndez se convierte en un ejemplo de \u00e9xito y superaci\u00f3n para otros emprendedores de la provincia. Su expansi\u00f3n a Madrid tambi\u00e9n puede impulsar el inter\u00e9s por la moda y el dise\u00f1o en Castilla y Le\u00f3n, fomentando el desarrollo de la industria en la regi\u00f3n.<\/p>\n<p>A nivel auton\u00f3mico, la apertura de la tienda de Silvia Fern\u00e1ndez en Madrid podr\u00eda compararse con otros casos de \u00e9xito de dise\u00f1adores de la comunidad que han logrado establecerse en mercados competitivos fuera de sus lugares de origen.<\/p>\n<p>En declaraciones recientes, Fern\u00e1ndez expres\u00f3 su entusiasmo por este nuevo proyecto y su deseo de seguir creciendo y llevando su visi\u00f3n creativa a nuevos horizontes. \u00abEs un sue\u00f1o hecho realidad poder estar en la Milla de Oro junto a marcas que siempre he admirado\u00bb, afirm\u00f3.<\/p>\n<p>De cara al futuro, la dise\u00f1adora planea continuar expandiendo su marca y explorando nuevas oportunidades en el mundo de la moda. La apertura de esta tienda en Madrid es solo el comienzo de una nueva etapa en su carrera, que promete traer a\u00fan m\u00e1s \u00e9xitos y reconocimientos.<\/p>\n","protected":false},"excerpt":{"rendered":"<p>Silvia Fern\u00e1ndez abrir\u00e1 su segunda tienda en el barrio de Salamanca, rodeada de marcas de lujo.<\/p>\n","protected":false},"author":1,"featured_media":0,"comment_status":"open","ping_status":"closed","sticky":false,"template":"","format":"standard","meta":{"_monsterinsights_skip_tracking":false,"_monsterinsights_sitenote_active":false,"_monsterinsights_sitenote_note":"","_monsterinsights_sitenote_category":0,"site-container-style":"default","site-container-layout":"default","site-sidebar-layout":"default","disable-article-header":"default","disable-site-header":"default","disable-site-footer":"default","disable-content-area-spacing":"default","_jetpack_memberships_contains_paid_content":false,"footnotes":"","jetpack_publicize_message":"","jetpack_publicize_feature_enabled":true,"jetpack_social_post_already_shared":true,"jetpack_social_options":{"image_generator_settings":{"template":"highway","default_image_id":0,"font":"","enabled":false},"version":2}},"categories":[1],"tags":[],"class_list":["post-9108","post","type-post","status-publish","format-standard","hentry","category-uncategorized"],"jetpack_publicize_connections":[],"jetpack_featured_media_url":"","jetpack_sharing_enabled":true,"_links":{"self":[{"href":"https:\/\/987aldia.com\/web\/wp-json\/wp\/v2\/posts\/9108","targetHints":{"allow":["GET"]}}],"collection":[{"href":"https:\/\/987aldia.com\/web\/wp-json\/wp\/v2\/posts"}],"about":[{"href":"https:\/\/987aldia.com\/web\/wp-json\/wp\/v2\/types\/post"}],"author":[{"embeddable":true,"href":"https:\/\/987aldia.com\/web\/wp-json\/wp\/v2\/users\/1"}],"replies":[{"embeddable":true,"href":"https:\/\/987aldia.com\/web\/wp-json\/wp\/v2\/comments?post=9108"}],"version-history":[{"count":0,"href":"https:\/\/987aldia.com\/web\/wp-json\/wp\/v2\/posts\/9108\/revisions"}],"wp:attachment":[{"href":"https:\/\/987aldia.com\/web\/wp-json\/wp\/v2\/media?parent=9108"}],"wp:term":[{"taxonomy":"category","embeddable":true,"href":"https:\/\/987aldia.com\/web\/wp-json\/wp\/v2\/categories?post=9108"},{"taxonomy":"post_tag","embeddable":true,"href":"https:\/\/987aldia.com\/web\/wp-json\/wp\/v2\/tags?post=9108"}],"curies":[{"name":"wp","href":"https:\/\/api.w.org\/{rel}","templated":true}]}}