{"id":9136,"date":"2025-09-08T14:05:34","date_gmt":"2025-09-08T12:05:34","guid":{"rendered":"https:\/\/987aldia.com\/web\/el-bierzo-se-une-en-un-llamado-por-la-recuperacion-reconstruccion-y-esperanza\/"},"modified":"2025-09-08T14:05:34","modified_gmt":"2025-09-08T12:05:34","slug":"el-bierzo-se-une-en-un-llamado-por-la-recuperacion-reconstruccion-y-esperanza","status":"publish","type":"post","link":"https:\/\/987aldia.com\/web\/el-bierzo-se-une-en-un-llamado-por-la-recuperacion-reconstruccion-y-esperanza\/","title":{"rendered":"El Bierzo se une en un llamado por la recuperaci\u00f3n, reconstrucci\u00f3n y esperanza"},"content":{"rendered":"<p>El pasado fin de semana, El Bierzo se visti\u00f3 de esperanza y resiliencia con la celebraci\u00f3n del D\u00eda de la Encina y el D\u00eda del Bierzo en Ponferrada. La jornada estuvo marcada por un sentimiento de comunidad y solidaridad, en medio de la dif\u00edcil situaci\u00f3n provocada por los incendios forestales que azotaron la regi\u00f3n el mes pasado.<\/p>\n<p>En un ambiente de recuperaci\u00f3n y reconstrucci\u00f3n, los habitantes de la zona alzaron la voz para reafirmar su compromiso con la protecci\u00f3n del entorno natural y la lucha contra el fuego. El Ayuntamiento de Ponferrada fue el escenario perfecto para honrar la cultura y las tradiciones de El Bierzo, al tiempo que se recordaba la importancia de preservar su patrimonio natural.<\/p>\n<p>Los asistentes, entre los que se encontraban autoridades locales, organizaciones ambientales y ciudadanos comprometidos, coincidieron en la necesidad de unir fuerzas para garantizar la sostenibilidad y el equilibrio de esta hermosa comarca. La jornada estuvo cargada de actividades culturales, gastron\u00f3micas y art\u00edsticas, que reflejaron el esp\u00edritu de superaci\u00f3n y esperanza que caracteriza a la comunidad berciana.<\/p>\n<p>En medio de los desaf\u00edos que enfrenta El Bierzo, la celebraci\u00f3n del D\u00eda de la Encina y el D\u00eda del Bierzo se convirti\u00f3 en un s\u00edmbolo de unidad y fortaleza. Los bercianos demostraron una vez m\u00e1s su capacidad de resistencia y su determinaci\u00f3n para construir un futuro mejor para las generaciones venideras.<\/p>\n","protected":false},"excerpt":{"rendered":"<p>El pasado fin de semana, El Bierzo se visti\u00f3 de esperanza y resiliencia con la celebraci\u00f3n del D\u00eda de la Encina y el D\u00eda del Bierzo en Ponferrada. La jornada estuvo marcada por un sentimiento de comunidad y solidaridad, en medio de la dif\u00edcil situaci\u00f3n provocada por los incendios forestales que azotaron la regi\u00f3n el [&hellip;]<\/p>\n","protected":false},"author":1,"featured_media":9137,"comment_status":"open","ping_status":"closed","sticky":false,"template":"","format":"standard","meta":{"_monsterinsights_skip_tracking":false,"_monsterinsights_sitenote_active":false,"_monsterinsights_sitenote_note":"","_monsterinsights_sitenote_category":0,"site-container-style":"default","site-container-layout":"default","site-sidebar-layout":"default","disable-article-header":"default","disable-site-header":"default","disable-site-footer":"default","disable-content-area-spacing":"default","_jetpack_memberships_contains_paid_content":false,"footnotes":"","jetpack_publicize_message":"","jetpack_publicize_feature_enabled":true,"jetpack_social_post_already_shared":true,"jetpack_social_options":{"image_generator_settings":{"template":"highway","default_image_id":0,"font":"","enabled":false},"version":2}},"categories":[1],"tags":[],"class_list":["post-9136","post","type-post","status-publish","format-standard","has-post-thumbnail","hentry","category-uncategorized"],"jetpack_publicize_connections":[],"jetpack_featured_media_url":"https:\/\/987aldia.com\/web\/wp-content\/uploads\/2025\/09\/68bec68ea9e3f.jpg","jetpack_sharing_enabled":true,"_links":{"self":[{"href":"https:\/\/987aldia.com\/web\/wp-json\/wp\/v2\/posts\/9136","targetHints":{"allow":["GET"]}}],"collection":[{"href":"https:\/\/987aldia.com\/web\/wp-json\/wp\/v2\/posts"}],"about":[{"href":"https:\/\/987aldia.com\/web\/wp-json\/wp\/v2\/types\/post"}],"author":[{"embeddable":true,"href":"https:\/\/987aldia.com\/web\/wp-json\/wp\/v2\/users\/1"}],"replies":[{"embeddable":true,"href":"https:\/\/987aldia.com\/web\/wp-json\/wp\/v2\/comments?post=9136"}],"version-history":[{"count":0,"href":"https:\/\/987aldia.com\/web\/wp-json\/wp\/v2\/posts\/9136\/revisions"}],"wp:featuredmedia":[{"embeddable":true,"href":"https:\/\/987aldia.com\/web\/wp-json\/wp\/v2\/media\/9137"}],"wp:attachment":[{"href":"https:\/\/987aldia.com\/web\/wp-json\/wp\/v2\/media?parent=9136"}],"wp:term":[{"taxonomy":"category","embeddable":true,"href":"https:\/\/987aldia.com\/web\/wp-json\/wp\/v2\/categories?post=9136"},{"taxonomy":"post_tag","embeddable":true,"href":"https:\/\/987aldia.com\/web\/wp-json\/wp\/v2\/tags?post=9136"}],"curies":[{"name":"wp","href":"https:\/\/api.w.org\/{rel}","templated":true}]}}