{"id":9144,"date":"2025-09-08T20:05:27","date_gmt":"2025-09-08T18:05:27","guid":{"rendered":"https:\/\/987aldia.com\/web\/preparativos-en-ponferrada-para-la-celebracion-de-la-fiesta-de-la-encina\/"},"modified":"2025-09-08T20:05:27","modified_gmt":"2025-09-08T18:05:27","slug":"preparativos-en-ponferrada-para-la-celebracion-de-la-fiesta-de-la-encina","status":"publish","type":"post","link":"https:\/\/987aldia.com\/web\/preparativos-en-ponferrada-para-la-celebracion-de-la-fiesta-de-la-encina\/","title":{"rendered":"Preparativos en Ponferrada para la celebraci\u00f3n de la Fiesta de la Encina"},"content":{"rendered":"<p>La ciudad de Ponferrada se prepara para vivir una jornada llena de m\u00fasica y diversi\u00f3n en v\u00edsperas de la fiesta de la Encina. El pr\u00f3ximo domingo 7 de septiembre, los ciudadanos y visitantes podr\u00e1n disfrutar de un emocionante concierto a cargo del reconocido cantante Leiva, quien promete hacer vibrar al p\u00fablico con sus mejores \u00e9xitos.<\/p>\n<p>Adem\u00e1s, la celebraci\u00f3n contar\u00e1 con la participaci\u00f3n de variadas orquestas que amenizar\u00e1n la velada y pondr\u00e1n a bailar a todos los asistentes. Sin duda, esta ser\u00e1 una oportunidad perfecta para disfrutar de buena m\u00fasica en un ambiente festivo y lleno de energ\u00eda.<\/p>\n<p>La ciudad se encuentra lista para recibir a todos aquellos que deseen ser parte de esta celebraci\u00f3n en honor a la Virgen de la Encina, patrona de Ponferrada. As\u00ed que, si eres amante de la m\u00fasica y la diversi\u00f3n, no te puedes perder este evento que promete ser inolvidable. \u00a1Prep\u00e1rate para vivir una noche m\u00e1gica en Ponferrada!<\/p>\n","protected":false},"excerpt":{"rendered":"<p>La ciudad de Ponferrada se prepara para vivir una jornada llena de m\u00fasica y diversi\u00f3n en v\u00edsperas de la fiesta de la Encina. El pr\u00f3ximo domingo 7 de septiembre, los ciudadanos y visitantes podr\u00e1n disfrutar de un emocionante concierto a cargo del reconocido cantante Leiva, quien promete hacer vibrar al p\u00fablico con sus mejores \u00e9xitos. [&hellip;]<\/p>\n","protected":false},"author":1,"featured_media":9145,"comment_status":"open","ping_status":"closed","sticky":false,"template":"","format":"standard","meta":{"_monsterinsights_skip_tracking":false,"_monsterinsights_sitenote_active":false,"_monsterinsights_sitenote_note":"","_monsterinsights_sitenote_category":0,"site-container-style":"default","site-container-layout":"default","site-sidebar-layout":"default","disable-article-header":"default","disable-site-header":"default","disable-site-footer":"default","disable-content-area-spacing":"default","_jetpack_memberships_contains_paid_content":false,"footnotes":"","jetpack_publicize_message":"","jetpack_publicize_feature_enabled":true,"jetpack_social_post_already_shared":true,"jetpack_social_options":{"image_generator_settings":{"template":"highway","default_image_id":0,"font":"","enabled":false},"version":2}},"categories":[1],"tags":[],"class_list":["post-9144","post","type-post","status-publish","format-standard","has-post-thumbnail","hentry","category-uncategorized"],"jetpack_publicize_connections":[],"jetpack_featured_media_url":"https:\/\/987aldia.com\/web\/wp-content\/uploads\/2025\/09\/68bf1ae766109.jpg","jetpack_sharing_enabled":true,"_links":{"self":[{"href":"https:\/\/987aldia.com\/web\/wp-json\/wp\/v2\/posts\/9144","targetHints":{"allow":["GET"]}}],"collection":[{"href":"https:\/\/987aldia.com\/web\/wp-json\/wp\/v2\/posts"}],"about":[{"href":"https:\/\/987aldia.com\/web\/wp-json\/wp\/v2\/types\/post"}],"author":[{"embeddable":true,"href":"https:\/\/987aldia.com\/web\/wp-json\/wp\/v2\/users\/1"}],"replies":[{"embeddable":true,"href":"https:\/\/987aldia.com\/web\/wp-json\/wp\/v2\/comments?post=9144"}],"version-history":[{"count":0,"href":"https:\/\/987aldia.com\/web\/wp-json\/wp\/v2\/posts\/9144\/revisions"}],"wp:featuredmedia":[{"embeddable":true,"href":"https:\/\/987aldia.com\/web\/wp-json\/wp\/v2\/media\/9145"}],"wp:attachment":[{"href":"https:\/\/987aldia.com\/web\/wp-json\/wp\/v2\/media?parent=9144"}],"wp:term":[{"taxonomy":"category","embeddable":true,"href":"https:\/\/987aldia.com\/web\/wp-json\/wp\/v2\/categories?post=9144"},{"taxonomy":"post_tag","embeddable":true,"href":"https:\/\/987aldia.com\/web\/wp-json\/wp\/v2\/tags?post=9144"}],"curies":[{"name":"wp","href":"https:\/\/api.w.org\/{rel}","templated":true}]}}