{"id":9152,"date":"2025-09-09T10:05:36","date_gmt":"2025-09-09T08:05:36","guid":{"rendered":"https:\/\/987aldia.com\/web\/manueco-aborda-en-las-cortes-su-compromiso-con-cyl-el-arranque-politico-y-la-cuestion-de-los-incendios-eje-de-la-sesion-de-control\/"},"modified":"2025-09-09T10:05:36","modified_gmt":"2025-09-09T08:05:36","slug":"manueco-aborda-en-las-cortes-su-compromiso-con-cyl-el-arranque-politico-y-la-cuestion-de-los-incendios-eje-de-la-sesion-de-control","status":"publish","type":"post","link":"https:\/\/987aldia.com\/web\/manueco-aborda-en-las-cortes-su-compromiso-con-cyl-el-arranque-politico-y-la-cuestion-de-los-incendios-eje-de-la-sesion-de-control\/","title":{"rendered":"Ma\u00f1ueco aborda en las Cortes su compromiso con CyL, el arranque pol\u00edtico y la cuesti\u00f3n de los incendios, eje de la sesi\u00f3n de control."},"content":{"rendered":"<p>El presidente de la Junta de Castilla y Le\u00f3n, Alfonso Fern\u00e1ndez Ma\u00f1ueco, se enfrent\u00f3 hoy a una sesi\u00f3n de control en las Cortes en la que tuvo que abordar temas de gran relevancia para la comunidad aut\u00f3noma. Entre los asuntos tratados se destac\u00f3 su compromiso con Castilla y Le\u00f3n, as\u00ed como el inicio del curso pol\u00edtico y la preocupante situaci\u00f3n de los incendios forestales en la regi\u00f3n.<\/p>\n<p>La jornada estuvo marcada por la intensidad de los debates y las preguntas de la oposici\u00f3n, que buscaba respuestas concretas sobre las medidas que el gobierno auton\u00f3mico est\u00e1 tomando para hacer frente a los incendios y garantizar la seguridad de los ciudadanos.<\/p>\n<p>El pleno ordinario de hoy marca el inicio de un nuevo periodo de sesiones en el que se espera un intenso trabajo legislativo y un escrutinio constante de la gesti\u00f3n del ejecutivo regional. Los ciudadanos de Castilla y Le\u00f3n est\u00e1n atentos a las decisiones que se tomen en las Cortes, ya que de ellas depende en gran medida el futuro de la comunidad.<\/p>\n","protected":false},"excerpt":{"rendered":"<p>El presidente de la Junta de Castilla y Le\u00f3n, Alfonso Fern\u00e1ndez Ma\u00f1ueco, se enfrent\u00f3 hoy a una sesi\u00f3n de control en las Cortes en la que tuvo que abordar temas de gran relevancia para la comunidad aut\u00f3noma. Entre los asuntos tratados se destac\u00f3 su compromiso con Castilla y Le\u00f3n, as\u00ed como el inicio del curso [&hellip;]<\/p>\n","protected":false},"author":1,"featured_media":9153,"comment_status":"open","ping_status":"closed","sticky":false,"template":"","format":"standard","meta":{"_monsterinsights_skip_tracking":false,"_monsterinsights_sitenote_active":false,"_monsterinsights_sitenote_note":"","_monsterinsights_sitenote_category":0,"site-container-style":"default","site-container-layout":"default","site-sidebar-layout":"default","disable-article-header":"default","disable-site-header":"default","disable-site-footer":"default","disable-content-area-spacing":"default","_jetpack_memberships_contains_paid_content":false,"footnotes":"","jetpack_publicize_message":"","jetpack_publicize_feature_enabled":true,"jetpack_social_post_already_shared":true,"jetpack_social_options":{"image_generator_settings":{"template":"highway","default_image_id":0,"font":"","enabled":false},"version":2}},"categories":[1],"tags":[],"class_list":["post-9152","post","type-post","status-publish","format-standard","has-post-thumbnail","hentry","category-uncategorized"],"jetpack_publicize_connections":[],"jetpack_featured_media_url":"https:\/\/987aldia.com\/web\/wp-content\/uploads\/2025\/09\/68bfdfd02ff06.jpg","jetpack_sharing_enabled":true,"_links":{"self":[{"href":"https:\/\/987aldia.com\/web\/wp-json\/wp\/v2\/posts\/9152","targetHints":{"allow":["GET"]}}],"collection":[{"href":"https:\/\/987aldia.com\/web\/wp-json\/wp\/v2\/posts"}],"about":[{"href":"https:\/\/987aldia.com\/web\/wp-json\/wp\/v2\/types\/post"}],"author":[{"embeddable":true,"href":"https:\/\/987aldia.com\/web\/wp-json\/wp\/v2\/users\/1"}],"replies":[{"embeddable":true,"href":"https:\/\/987aldia.com\/web\/wp-json\/wp\/v2\/comments?post=9152"}],"version-history":[{"count":0,"href":"https:\/\/987aldia.com\/web\/wp-json\/wp\/v2\/posts\/9152\/revisions"}],"wp:featuredmedia":[{"embeddable":true,"href":"https:\/\/987aldia.com\/web\/wp-json\/wp\/v2\/media\/9153"}],"wp:attachment":[{"href":"https:\/\/987aldia.com\/web\/wp-json\/wp\/v2\/media?parent=9152"}],"wp:term":[{"taxonomy":"category","embeddable":true,"href":"https:\/\/987aldia.com\/web\/wp-json\/wp\/v2\/categories?post=9152"},{"taxonomy":"post_tag","embeddable":true,"href":"https:\/\/987aldia.com\/web\/wp-json\/wp\/v2\/tags?post=9152"}],"curies":[{"name":"wp","href":"https:\/\/api.w.org\/{rel}","templated":true}]}}