{"id":9159,"date":"2025-09-09T10:48:13","date_gmt":"2025-09-09T08:48:13","guid":{"rendered":"https:\/\/987aldia.com\/web\/alantre-exige-respuestas-al-gobierno-tras-los-incendios-de-leon-y-zamora\/"},"modified":"2025-09-09T10:48:13","modified_gmt":"2025-09-09T08:48:13","slug":"alantre-exige-respuestas-al-gobierno-tras-los-incendios-de-leon-y-zamora","status":"publish","type":"post","link":"https:\/\/987aldia.com\/web\/alantre-exige-respuestas-al-gobierno-tras-los-incendios-de-leon-y-zamora\/","title":{"rendered":"ALANTRE exige respuestas al Gobierno tras los incendios de Le\u00f3n y Zamora"},"content":{"rendered":"<p>Tras los devastadores incendios vividos en las provincias de Le\u00f3n y Zamora durante el mes de agosto de 2025, ALANTRE ha presentado ocho iniciativas parlamentarias dirigidas al Gobierno de Espa\u00f1a, a trav\u00e9s del diputado Jorge Pueyo, representante de Chunta Aragonesista en el Congreso. En estas ocho iniciativas, ALANTRE insta al gobierno a dar explicaciones y posicionarse en m\u00faltiples aspectos relacionados con el modelo estatal en la lucha contra los incendios forestales, que este mes de agosto han quemado cerca de 150.000 hect\u00e1reas, sumando las \u00e1reas afectadas de las dos provincias.<\/p>\n<p>Las preguntas han incidido en m\u00faltiples aspectos, tales como la revisi\u00f3n de competencias auton\u00f3micas en la gesti\u00f3n del medio ambiente, la estrategia estatal frente a los efectos de cambio clim\u00e1tico en los incendios forestales de quinta y sexta generaci\u00f3n, la coordinaci\u00f3n interterritorial, las condiciones laborales y de salud de los cuerpos de bomberos forestales, la revisi\u00f3n del modelo de prevenci\u00f3n y sanciones, las ayudas a poblaciones rurales y personas damnificadas, as\u00ed como la protecci\u00f3n ambiental tras los incendios y la inversi\u00f3n para el desarrollo del entorno rural y construcci\u00f3n de infraestructuras que inviertan las tendencias de despoblaci\u00f3n.<\/p>\n<p>Desde ALANTRE denuncian la incompetencia de una autonom\u00eda fallida que ha destruido una parte importante de nuestros ecosistemas y medio rural, y nos negamos a permitir que desde Madrid se utilice nuestra desgracia simplemente para su juego pol\u00edtico.<\/p>\n<p>En los pr\u00f3ximos d\u00edas iremos desgranando cada bloque con detalle, para hacer p\u00fablicas nuestras propuestas de control y acci\u00f3n urgente. Demandas nos han hecho llegar personas de todas las zonas afectadas y que hemos canalizado para tratar de poner en marcha toda la ayuda posible y exigir a las administraciones competentes una actuaci\u00f3n \u00e1gil, diligente y eficaz para minimizar los da\u00f1os.<\/p>\n<p>Actualmente, ALANTRE a\u00fan no tiene representaci\u00f3n en los Gobiernos provinciales, auton\u00f3micos o estatales. Pero no vamos a quedar de brazos cruzados viendo c\u00f3mo quienes deber\u00edan representar a nuestro pueblo, no lo hacen. Su inacci\u00f3n es la causa de nuestro nacimiento.<\/p>\n","protected":false},"excerpt":{"rendered":"<p>El partido presenta ocho iniciativas parlamentarias para replantear el modelo estatal de lucha contra incendios.<\/p>\n","protected":false},"author":1,"featured_media":9160,"comment_status":"open","ping_status":"closed","sticky":false,"template":"","format":"standard","meta":{"_monsterinsights_skip_tracking":false,"_monsterinsights_sitenote_active":false,"_monsterinsights_sitenote_note":"","_monsterinsights_sitenote_category":0,"site-container-style":"default","site-container-layout":"default","site-sidebar-layout":"default","disable-article-header":"default","disable-site-header":"default","disable-site-footer":"default","disable-content-area-spacing":"default","_jetpack_memberships_contains_paid_content":false,"footnotes":"","jetpack_publicize_message":"","jetpack_publicize_feature_enabled":true,"jetpack_social_post_already_shared":true,"jetpack_social_options":{"image_generator_settings":{"template":"highway","default_image_id":0,"font":"","enabled":false},"version":2}},"categories":[1],"tags":[],"class_list":["post-9159","post","type-post","status-publish","format-standard","has-post-thumbnail","hentry","category-uncategorized"],"jetpack_publicize_connections":[],"jetpack_featured_media_url":"https:\/\/987aldia.com\/web\/wp-content\/uploads\/2025\/09\/especialidad_article_20250909_084602_LLoRSZ.png","jetpack_sharing_enabled":true,"_links":{"self":[{"href":"https:\/\/987aldia.com\/web\/wp-json\/wp\/v2\/posts\/9159","targetHints":{"allow":["GET"]}}],"collection":[{"href":"https:\/\/987aldia.com\/web\/wp-json\/wp\/v2\/posts"}],"about":[{"href":"https:\/\/987aldia.com\/web\/wp-json\/wp\/v2\/types\/post"}],"author":[{"embeddable":true,"href":"https:\/\/987aldia.com\/web\/wp-json\/wp\/v2\/users\/1"}],"replies":[{"embeddable":true,"href":"https:\/\/987aldia.com\/web\/wp-json\/wp\/v2\/comments?post=9159"}],"version-history":[{"count":0,"href":"https:\/\/987aldia.com\/web\/wp-json\/wp\/v2\/posts\/9159\/revisions"}],"wp:featuredmedia":[{"embeddable":true,"href":"https:\/\/987aldia.com\/web\/wp-json\/wp\/v2\/media\/9160"}],"wp:attachment":[{"href":"https:\/\/987aldia.com\/web\/wp-json\/wp\/v2\/media?parent=9159"}],"wp:term":[{"taxonomy":"category","embeddable":true,"href":"https:\/\/987aldia.com\/web\/wp-json\/wp\/v2\/categories?post=9159"},{"taxonomy":"post_tag","embeddable":true,"href":"https:\/\/987aldia.com\/web\/wp-json\/wp\/v2\/tags?post=9159"}],"curies":[{"name":"wp","href":"https:\/\/api.w.org\/{rel}","templated":true}]}}