{"id":9162,"date":"2025-09-09T10:49:54","date_gmt":"2025-09-09T08:49:54","guid":{"rendered":"https:\/\/987aldia.com\/web\/san-andres-del-rabanedo-policia-local-sin-subinspector-tras-anulacion-del-proceso-de-eleccion\/"},"modified":"2025-09-09T10:49:54","modified_gmt":"2025-09-09T08:49:54","slug":"san-andres-del-rabanedo-policia-local-sin-subinspector-tras-anulacion-del-proceso-de-eleccion","status":"publish","type":"post","link":"https:\/\/987aldia.com\/web\/san-andres-del-rabanedo-policia-local-sin-subinspector-tras-anulacion-del-proceso-de-eleccion\/","title":{"rendered":"San Andr\u00e9s del Rabanedo: Polic\u00eda Local sin subinspector tras anulaci\u00f3n del proceso de elecci\u00f3n"},"content":{"rendered":"<p>La Polic\u00eda Local de San Andr\u00e9s del Rabanedo, en la provincia de Le\u00f3n, se encuentra actualmente sin subinspector despu\u00e9s de que el Tribunal Contencioso-Administrativo n\u00famero 2 anulara el proceso de elecci\u00f3n. Alberto Ferrero, quien hab\u00eda sido designado para el cargo, no pudo asumir sus funciones debido a una sentencia judicial que invalid\u00f3 su nombramiento. La situaci\u00f3n se origin\u00f3 a ra\u00edz de un recurso presentado por el sindicato SPPMCyL, que cuestion\u00f3 las bases del proceso selectivo. <\/p>\n<p>El contexto de esta situaci\u00f3n se remonta a octubre de 2022, cuando se public\u00f3 la convocatoria para el puesto de subinspector en el Bolet\u00edn Oficial de la Provincia (BOP) el 18 de octubre y posteriormente en el Bolet\u00edn Oficial del Estado (BOE) el 21 de octubre. Sin embargo, el proceso fue impugnado por el sindicato, alegando irregularidades en las bases del concurso. El tribunal, tras evaluar el recurso, decidi\u00f3 anular los actos posteriores al procedimiento selectivo, dejando vacante el puesto de subinspector. <\/p>\n<p>Actualmente, la comisar\u00eda de la Polic\u00eda Local, ubicada en el edificio del Ayuntamiento de San Andr\u00e9s del Rabanedo, cuenta con 37 agentes. Ante la ausencia de un subinspector, la normativa permite que un oficial asuma temporalmente la direcci\u00f3n del cuerpo hasta que se resuelva la situaci\u00f3n. Esta medida busca garantizar la continuidad operativa del cuerpo policial mientras se define el futuro del puesto vacante. <\/p>\n<p>El impacto de esta decisi\u00f3n se siente a nivel local, ya que San Andr\u00e9s del Rabanedo es uno de los municipios m\u00e1s poblados de la provincia de Le\u00f3n y requiere de una direcci\u00f3n policial efectiva para mantener el orden y la seguridad. A nivel auton\u00f3mico, el caso resalta la importancia de procesos selectivos transparentes y justos en las administraciones p\u00fablicas de Castilla y Le\u00f3n. <\/p>\n<p>En declaraciones al Diario de Le\u00f3n, representantes del sindicato SPPMCyL expresaron su satisfacci\u00f3n con la sentencia, destacando la necesidad de revisar y corregir las bases de los procesos selectivos para evitar futuras impugnaciones. Por su parte, las autoridades municipales a\u00fan no han emitido un comunicado oficial sobre los pr\u00f3ximos pasos a seguir. <\/p>\n<p>De cara al futuro, se espera que el Ayuntamiento de San Andr\u00e9s del Rabanedo convoque un nuevo proceso selectivo para cubrir el puesto de subinspector, esta vez con bases revisadas y ajustadas a las normativas vigentes. Mientras tanto, Alberto Ferrero podr\u00eda ser trasladado a un puesto en Aguilar de Campoo, en la provincia de Palencia, donde se espera que contin\u00fae su carrera profesional. La situaci\u00f3n genera expectaci\u00f3n entre los agentes locales y la ciudadan\u00eda, quienes aguardan una pronta resoluci\u00f3n que garantice la estabilidad y eficacia del cuerpo policial.<\/p>\n","protected":false},"excerpt":{"rendered":"<p>La anulaci\u00f3n del proceso selectivo deja a la Polic\u00eda Local de San Andr\u00e9s del Rabanedo sin subinspector, generando incertidumbre en la direcci\u00f3n del cuerpo<\/p>\n","protected":false},"author":1,"featured_media":9163,"comment_status":"open","ping_status":"closed","sticky":false,"template":"","format":"standard","meta":{"_monsterinsights_skip_tracking":false,"_monsterinsights_sitenote_active":false,"_monsterinsights_sitenote_note":"","_monsterinsights_sitenote_category":0,"site-container-style":"default","site-container-layout":"default","site-sidebar-layout":"default","disable-article-header":"default","disable-site-header":"default","disable-site-footer":"default","disable-content-area-spacing":"default","_jetpack_memberships_contains_paid_content":false,"footnotes":"","jetpack_publicize_message":"","jetpack_publicize_feature_enabled":true,"jetpack_social_post_already_shared":true,"jetpack_social_options":{"image_generator_settings":{"template":"highway","default_image_id":0,"font":"","enabled":false},"version":2}},"categories":[1],"tags":[],"class_list":["post-9162","post","type-post","status-publish","format-standard","has-post-thumbnail","hentry","category-uncategorized"],"jetpack_publicize_connections":[],"jetpack_featured_media_url":"https:\/\/987aldia.com\/web\/wp-content\/uploads\/2025\/09\/especialidad_image_20250909_081548_tBtVBN.png","jetpack_sharing_enabled":true,"_links":{"self":[{"href":"https:\/\/987aldia.com\/web\/wp-json\/wp\/v2\/posts\/9162","targetHints":{"allow":["GET"]}}],"collection":[{"href":"https:\/\/987aldia.com\/web\/wp-json\/wp\/v2\/posts"}],"about":[{"href":"https:\/\/987aldia.com\/web\/wp-json\/wp\/v2\/types\/post"}],"author":[{"embeddable":true,"href":"https:\/\/987aldia.com\/web\/wp-json\/wp\/v2\/users\/1"}],"replies":[{"embeddable":true,"href":"https:\/\/987aldia.com\/web\/wp-json\/wp\/v2\/comments?post=9162"}],"version-history":[{"count":0,"href":"https:\/\/987aldia.com\/web\/wp-json\/wp\/v2\/posts\/9162\/revisions"}],"wp:featuredmedia":[{"embeddable":true,"href":"https:\/\/987aldia.com\/web\/wp-json\/wp\/v2\/media\/9163"}],"wp:attachment":[{"href":"https:\/\/987aldia.com\/web\/wp-json\/wp\/v2\/media?parent=9162"}],"wp:term":[{"taxonomy":"category","embeddable":true,"href":"https:\/\/987aldia.com\/web\/wp-json\/wp\/v2\/categories?post=9162"},{"taxonomy":"post_tag","embeddable":true,"href":"https:\/\/987aldia.com\/web\/wp-json\/wp\/v2\/tags?post=9162"}],"curies":[{"name":"wp","href":"https:\/\/api.w.org\/{rel}","templated":true}]}}