{"id":9164,"date":"2025-09-09T11:29:43","date_gmt":"2025-09-09T09:29:43","guid":{"rendered":"https:\/\/987aldia.com\/web\/vox-presenta-querella-en-el-tribunal-supremo-contra-pedro-sanchez-y-varios-ministros\/"},"modified":"2025-09-09T11:29:43","modified_gmt":"2025-09-09T09:29:43","slug":"vox-presenta-querella-en-el-tribunal-supremo-contra-pedro-sanchez-y-varios-ministros","status":"publish","type":"post","link":"https:\/\/987aldia.com\/web\/vox-presenta-querella-en-el-tribunal-supremo-contra-pedro-sanchez-y-varios-ministros\/","title":{"rendered":"Vox presenta querella en el Tribunal Supremo contra Pedro S\u00e1nchez y varios ministros"},"content":{"rendered":"<p>Vox ha interpuesto una querella ante el Tribunal Supremo contra el presidente del Gobierno, Pedro S\u00e1nchez, y varios ministros, incluyendo a Fernando Grande-Marlaska y Margarita Robles, as\u00ed como a presidentes auton\u00f3micos como Alfonso Fern\u00e1ndez Ma\u00f1ueco de Castilla y Le\u00f3n. La acci\u00f3n legal, presentada el pasado lunes, se centra en la supuesta negligencia en la gesti\u00f3n de riesgos de emergencia y la situaci\u00f3n de incendios que ha afectado a diversas regiones, incluyendo Le\u00f3n y Montecueva.<\/p>\n<p>La querella de Vox tambi\u00e9n se\u00f1ala a los presidentes auton\u00f3micos de Andaluc\u00eda, Juan Manuel Moreno Bonilla, y de Galicia, Alfonso Rueda, entre otros. Seg\u00fan la formaci\u00f3n, las autoridades han fallado en implementar medidas preventivas y correctivas adecuadas para evitar desastres naturales, lo que ha resultado en una gesti\u00f3n ineficiente de los incendios forestales.<\/p>\n<p>En el contexto de Castilla y Le\u00f3n, la provincia de Le\u00f3n ha sido una de las m\u00e1s afectadas por los incendios en los \u00faltimos a\u00f1os. La falta de medidas efectivas para prevenir y controlar estos incidentes ha generado cr\u00edticas tanto a nivel local como nacional. Vox solicita al Tribunal Supremo la suspensi\u00f3n de actos administrativos relacionados y la liberaci\u00f3n de datos espec\u00edficos sobre los incidentes, con el fin de evaluar la gesti\u00f3n realizada.<\/p>\n<p>Comparativamente, otras comunidades aut\u00f3nomas como Galicia y Andaluc\u00eda tambi\u00e9n han enfrentado desaf\u00edos similares en la gesti\u00f3n de incendios, lo que ha puesto de relieve la necesidad de una estrategia nacional m\u00e1s coherente y eficaz. En declaraciones recientes, el presidente de Castilla y Le\u00f3n, Alfonso Fern\u00e1ndez Ma\u00f1ueco, ha defendido las acciones de su gobierno, aunque ha reconocido la necesidad de mejorar la coordinaci\u00f3n y los recursos disponibles.<\/p>\n<p>El impacto de esta querella podr\u00eda ser significativo, ya que podr\u00eda llevar a una revisi\u00f3n exhaustiva de las pol\u00edticas de gesti\u00f3n de emergencias a nivel nacional. Vox ha enfatizado la importancia de establecer medidas m\u00e1s estrictas para prevenir futuros desastres y proteger a las comunidades afectadas. En los pr\u00f3ximos meses, se espera que el Tribunal Supremo eval\u00fae la viabilidad de la querella y determine los pasos a seguir, lo que podr\u00eda incluir la implementaci\u00f3n de nuevas directrices para la gesti\u00f3n de riesgos en todo el pa\u00eds.<\/p>\n","protected":false},"excerpt":{"rendered":"<p>La formaci\u00f3n pol\u00edtica acusa de negligencia en la gesti\u00f3n de incendios en Castilla y Le\u00f3n y otras regiones<\/p>\n","protected":false},"author":1,"featured_media":9165,"comment_status":"open","ping_status":"closed","sticky":false,"template":"","format":"standard","meta":{"_monsterinsights_skip_tracking":false,"_monsterinsights_sitenote_active":false,"_monsterinsights_sitenote_note":"","_monsterinsights_sitenote_category":0,"site-container-style":"default","site-container-layout":"default","site-sidebar-layout":"default","disable-article-header":"default","disable-site-header":"default","disable-site-footer":"default","disable-content-area-spacing":"default","_jetpack_memberships_contains_paid_content":false,"footnotes":"","jetpack_publicize_message":"","jetpack_publicize_feature_enabled":true,"jetpack_social_post_already_shared":true,"jetpack_social_options":{"image_generator_settings":{"template":"highway","default_image_id":0,"font":"","enabled":false},"version":2}},"categories":[1],"tags":[],"class_list":["post-9164","post","type-post","status-publish","format-standard","has-post-thumbnail","hentry","category-uncategorized"],"jetpack_publicize_connections":[],"jetpack_featured_media_url":"https:\/\/987aldia.com\/web\/wp-content\/uploads\/2025\/09\/especialidad_image_20250909_085551_BkCi5X.png","jetpack_sharing_enabled":true,"_links":{"self":[{"href":"https:\/\/987aldia.com\/web\/wp-json\/wp\/v2\/posts\/9164","targetHints":{"allow":["GET"]}}],"collection":[{"href":"https:\/\/987aldia.com\/web\/wp-json\/wp\/v2\/posts"}],"about":[{"href":"https:\/\/987aldia.com\/web\/wp-json\/wp\/v2\/types\/post"}],"author":[{"embeddable":true,"href":"https:\/\/987aldia.com\/web\/wp-json\/wp\/v2\/users\/1"}],"replies":[{"embeddable":true,"href":"https:\/\/987aldia.com\/web\/wp-json\/wp\/v2\/comments?post=9164"}],"version-history":[{"count":0,"href":"https:\/\/987aldia.com\/web\/wp-json\/wp\/v2\/posts\/9164\/revisions"}],"wp:featuredmedia":[{"embeddable":true,"href":"https:\/\/987aldia.com\/web\/wp-json\/wp\/v2\/media\/9165"}],"wp:attachment":[{"href":"https:\/\/987aldia.com\/web\/wp-json\/wp\/v2\/media?parent=9164"}],"wp:term":[{"taxonomy":"category","embeddable":true,"href":"https:\/\/987aldia.com\/web\/wp-json\/wp\/v2\/categories?post=9164"},{"taxonomy":"post_tag","embeddable":true,"href":"https:\/\/987aldia.com\/web\/wp-json\/wp\/v2\/tags?post=9164"}],"curies":[{"name":"wp","href":"https:\/\/api.w.org\/{rel}","templated":true}]}}