{"id":9168,"date":"2025-09-09T12:17:59","date_gmt":"2025-09-09T10:17:59","guid":{"rendered":"https:\/\/987aldia.com\/web\/el-pp-de-leon-resalta-la-rapidez-de-las-ayudas-de-la-junta-para-los-afectados-por-los-incendios\/"},"modified":"2025-09-09T12:17:59","modified_gmt":"2025-09-09T10:17:59","slug":"el-pp-de-leon-resalta-la-rapidez-de-las-ayudas-de-la-junta-para-los-afectados-por-los-incendios","status":"publish","type":"post","link":"https:\/\/987aldia.com\/web\/el-pp-de-leon-resalta-la-rapidez-de-las-ayudas-de-la-junta-para-los-afectados-por-los-incendios\/","title":{"rendered":"El PP de Le\u00f3n resalta la rapidez de las ayudas de la Junta para los afectados por los incendios"},"content":{"rendered":"<p>El Partido Popular de Le\u00f3n ha elogiado la celeridad con la que la Junta de Castilla y Le\u00f3n ha gestionado las ayudas destinadas a los afectados por los recientes incendios en la provincia. Jes\u00fas Julio, portavoz del PP en la Diputaci\u00f3n de Le\u00f3n, ha enfatizado el compromiso del partido para asegurar que el operativo inicial de respuesta fuera del 100%. Desde el inicio de los incendios, que comenzaron a afectar la regi\u00f3n a principios de mes, se han llevado a cabo m\u00faltiples reuniones con alcaldes y t\u00e9cnicos locales para coordinar las acciones de ayuda y recuperaci\u00f3n.<\/p>\n<p>En el contexto de estos incendios, que han afectado a varias localidades en la provincia de Le\u00f3n, la respuesta r\u00e1pida y efectiva de la Junta ha sido crucial para mitigar los da\u00f1os y asistir a las comunidades afectadas. Seg\u00fan Jes\u00fas Julio, el objetivo ha sido desde el primer momento garantizar que todos los recursos necesarios estuvieran disponibles de inmediato, lo que ha requerido una coordinaci\u00f3n estrecha con las autoridades locales y los servicios de emergencia.<\/p>\n<p>El impacto de los incendios en la provincia de Le\u00f3n ha sido significativo, con da\u00f1os materiales y medioambientales que han afectado a numerosas familias y negocios. La Junta de Castilla y Le\u00f3n ha movilizado recursos para asegurar que las ayudas lleguen a los afectados lo m\u00e1s pronto posible, destacando la importancia de una respuesta r\u00e1pida para la recuperaci\u00f3n de las zonas afectadas.<\/p>\n<p>A nivel auton\u00f3mico, la gesti\u00f3n de emergencias en Castilla y Le\u00f3n ha sido un tema prioritario, con comparaciones favorables respecto a otras comunidades aut\u00f3nomas en t\u00e9rminos de rapidez y eficacia en la respuesta. Las declaraciones de Jes\u00fas Julio reflejan el compromiso del Partido Popular de Le\u00f3n con la gesti\u00f3n eficiente de las crisis y el apoyo a las comunidades locales.<\/p>\n<p>De cara al futuro, se espera que contin\u00faen las evaluaciones de da\u00f1os y las reuniones de coordinaci\u00f3n para asegurar que las ayudas sigan fluyendo hacia las \u00e1reas m\u00e1s afectadas. La Junta de Castilla y Le\u00f3n ha manifestado su intenci\u00f3n de seguir trabajando estrechamente con los gobiernos locales para facilitar la recuperaci\u00f3n y reconstrucci\u00f3n de las zonas afectadas por los incendios, asegurando que los ciudadanos de Le\u00f3n reciban el apoyo necesario para superar esta crisis.<\/p>\n","protected":false},"excerpt":{"rendered":"<p>Jes\u00fas Julio destaca el esfuerzo para que el operativo inicial alcanzara el 100%<\/p>\n","protected":false},"author":1,"featured_media":9169,"comment_status":"open","ping_status":"closed","sticky":false,"template":"","format":"standard","meta":{"_monsterinsights_skip_tracking":false,"_monsterinsights_sitenote_active":false,"_monsterinsights_sitenote_note":"","_monsterinsights_sitenote_category":0,"site-container-style":"default","site-container-layout":"default","site-sidebar-layout":"default","disable-article-header":"default","disable-site-header":"default","disable-site-footer":"default","disable-content-area-spacing":"default","_jetpack_memberships_contains_paid_content":false,"footnotes":"","jetpack_publicize_message":"","jetpack_publicize_feature_enabled":true,"jetpack_social_post_already_shared":true,"jetpack_social_options":{"image_generator_settings":{"template":"highway","default_image_id":0,"font":"","enabled":false},"version":2}},"categories":[1],"tags":[],"class_list":["post-9168","post","type-post","status-publish","format-standard","has-post-thumbnail","hentry","category-uncategorized"],"jetpack_publicize_connections":[],"jetpack_featured_media_url":"https:\/\/987aldia.com\/web\/wp-content\/uploads\/2025\/09\/especialidad_image_20250909_101726_y2DDAn.png","jetpack_sharing_enabled":true,"_links":{"self":[{"href":"https:\/\/987aldia.com\/web\/wp-json\/wp\/v2\/posts\/9168","targetHints":{"allow":["GET"]}}],"collection":[{"href":"https:\/\/987aldia.com\/web\/wp-json\/wp\/v2\/posts"}],"about":[{"href":"https:\/\/987aldia.com\/web\/wp-json\/wp\/v2\/types\/post"}],"author":[{"embeddable":true,"href":"https:\/\/987aldia.com\/web\/wp-json\/wp\/v2\/users\/1"}],"replies":[{"embeddable":true,"href":"https:\/\/987aldia.com\/web\/wp-json\/wp\/v2\/comments?post=9168"}],"version-history":[{"count":0,"href":"https:\/\/987aldia.com\/web\/wp-json\/wp\/v2\/posts\/9168\/revisions"}],"wp:featuredmedia":[{"embeddable":true,"href":"https:\/\/987aldia.com\/web\/wp-json\/wp\/v2\/media\/9169"}],"wp:attachment":[{"href":"https:\/\/987aldia.com\/web\/wp-json\/wp\/v2\/media?parent=9168"}],"wp:term":[{"taxonomy":"category","embeddable":true,"href":"https:\/\/987aldia.com\/web\/wp-json\/wp\/v2\/categories?post=9168"},{"taxonomy":"post_tag","embeddable":true,"href":"https:\/\/987aldia.com\/web\/wp-json\/wp\/v2\/tags?post=9168"}],"curies":[{"name":"wp","href":"https:\/\/api.w.org\/{rel}","templated":true}]}}