{"id":9170,"date":"2025-09-09T12:19:05","date_gmt":"2025-09-09T10:19:05","guid":{"rendered":"https:\/\/987aldia.com\/web\/exigen-la-terminal-de-carga-para-el-aeropuerto-de-leon-es-vital-para-la-industria\/"},"modified":"2025-09-09T12:19:05","modified_gmt":"2025-09-09T10:19:05","slug":"exigen-la-terminal-de-carga-para-el-aeropuerto-de-leon-es-vital-para-la-industria","status":"publish","type":"post","link":"https:\/\/987aldia.com\/web\/exigen-la-terminal-de-carga-para-el-aeropuerto-de-leon-es-vital-para-la-industria\/","title":{"rendered":"Exigen la terminal de carga para el aeropuerto de Le\u00f3n: \u00abEs vital para la industria\u00bb"},"content":{"rendered":"<p>El 14 de octubre de 2023, el Diario de Castilla y Le\u00f3n public\u00f3 un art\u00edculo que destaca la creciente demanda de una terminal de carga en el aeropuerto de Le\u00f3n, considerada esencial para el desarrollo industrial de la regi\u00f3n. La iniciativa, impulsada por l\u00edderes empresariales y autoridades locales, busca potenciar la competitividad y atraer inversiones a la provincia de Le\u00f3n. Actualmente, el proyecto se encuentra en una fase avanzada, con el tr\u00e1mite de cesi\u00f3n casi finalizado. Sin embargo, a\u00fan se requiere financiamiento para equipar la terminal con el personal y la maquinaria necesarios para su operaci\u00f3n. <\/p>\n<p>El aeropuerto de Le\u00f3n, situado en la comunidad de Castilla y Le\u00f3n, ha sido objeto de diversas propuestas de mejora en los \u00faltimos a\u00f1os. La implementaci\u00f3n de una terminal de carga es vista como un paso crucial para fortalecer la infraestructura log\u00edstica de la regi\u00f3n. Seg\u00fan fuentes cercanas al proyecto, la terminal no solo facilitar\u00eda el transporte de mercanc\u00edas, sino que tambi\u00e9n abrir\u00eda nuevas oportunidades para las empresas locales al mejorar el acceso a mercados nacionales e internacionales. <\/p>\n<p>En t\u00e9rminos de impacto local, la terminal de carga podr\u00eda transformar a Le\u00f3n en un centro log\u00edstico clave dentro de Castilla y Le\u00f3n, generando empleo y dinamizando la econom\u00eda provincial. La iniciativa ha sido comparada con proyectos similares en otras comunidades aut\u00f3nomas, donde la infraestructura de carga ha demostrado ser un catalizador para el crecimiento econ\u00f3mico. <\/p>\n<p>Declaraciones de representantes empresariales y autoridades locales subrayan la urgencia de completar el proyecto. \u00abLa terminal de carga es vital para la industria de Le\u00f3n. No solo mejorar\u00e1 nuestra competitividad, sino que tambi\u00e9n atraer\u00e1 inversiones que beneficiar\u00e1n a toda la provincia\u00bb, afirm\u00f3 un portavoz de la C\u00e1mara de Comercio de Le\u00f3n. <\/p>\n<p>De cara al futuro, se espera que una vez asegurado el financiamiento, la terminal de carga pueda estar operativa en un plazo relativamente corto. Las autoridades locales est\u00e1n trabajando en colaboraci\u00f3n con el gobierno regional para asegurar los fondos necesarios y completar el equipamiento de la terminal. Este desarrollo podr\u00eda marcar un antes y un despu\u00e9s en la infraestructura log\u00edstica de Le\u00f3n, posicionando a la provincia como un actor relevante en el \u00e1mbito del transporte de mercanc\u00edas en Espa\u00f1a.<\/p>\n","protected":false},"excerpt":{"rendered":"<p>Solo falta terminar el tr\u00e1mite de cesi\u00f3n y buscar partida para su equipaci\u00f3n de personal y maquinaria para que pueda funcionar.<\/p>\n","protected":false},"author":1,"featured_media":9171,"comment_status":"open","ping_status":"closed","sticky":false,"template":"","format":"standard","meta":{"_monsterinsights_skip_tracking":false,"_monsterinsights_sitenote_active":false,"_monsterinsights_sitenote_note":"","_monsterinsights_sitenote_category":0,"site-container-style":"default","site-container-layout":"default","site-sidebar-layout":"default","disable-article-header":"default","disable-site-header":"default","disable-site-footer":"default","disable-content-area-spacing":"default","_jetpack_memberships_contains_paid_content":false,"footnotes":"","jetpack_publicize_message":"","jetpack_publicize_feature_enabled":true,"jetpack_social_post_already_shared":true,"jetpack_social_options":{"image_generator_settings":{"template":"highway","default_image_id":0,"font":"","enabled":false},"version":2}},"categories":[1],"tags":[],"class_list":["post-9170","post","type-post","status-publish","format-standard","has-post-thumbnail","hentry","category-uncategorized"],"jetpack_publicize_connections":[],"jetpack_featured_media_url":"https:\/\/987aldia.com\/web\/wp-content\/uploads\/2025\/09\/especialidad_image_20250909_101810_7jfXXf.png","jetpack_sharing_enabled":true,"_links":{"self":[{"href":"https:\/\/987aldia.com\/web\/wp-json\/wp\/v2\/posts\/9170","targetHints":{"allow":["GET"]}}],"collection":[{"href":"https:\/\/987aldia.com\/web\/wp-json\/wp\/v2\/posts"}],"about":[{"href":"https:\/\/987aldia.com\/web\/wp-json\/wp\/v2\/types\/post"}],"author":[{"embeddable":true,"href":"https:\/\/987aldia.com\/web\/wp-json\/wp\/v2\/users\/1"}],"replies":[{"embeddable":true,"href":"https:\/\/987aldia.com\/web\/wp-json\/wp\/v2\/comments?post=9170"}],"version-history":[{"count":0,"href":"https:\/\/987aldia.com\/web\/wp-json\/wp\/v2\/posts\/9170\/revisions"}],"wp:featuredmedia":[{"embeddable":true,"href":"https:\/\/987aldia.com\/web\/wp-json\/wp\/v2\/media\/9171"}],"wp:attachment":[{"href":"https:\/\/987aldia.com\/web\/wp-json\/wp\/v2\/media?parent=9170"}],"wp:term":[{"taxonomy":"category","embeddable":true,"href":"https:\/\/987aldia.com\/web\/wp-json\/wp\/v2\/categories?post=9170"},{"taxonomy":"post_tag","embeddable":true,"href":"https:\/\/987aldia.com\/web\/wp-json\/wp\/v2\/tags?post=9170"}],"curies":[{"name":"wp","href":"https:\/\/api.w.org\/{rel}","templated":true}]}}