{"id":9176,"date":"2025-09-09T16:06:19","date_gmt":"2025-09-09T14:06:19","guid":{"rendered":"https:\/\/987aldia.com\/web\/la-junta-instara-a-la-oposicion-a-unirse-en-el-pleno-de-las-cortes-para-la-reconstruccion-post-incendios\/"},"modified":"2025-09-09T16:06:19","modified_gmt":"2025-09-09T14:06:19","slug":"la-junta-instara-a-la-oposicion-a-unirse-en-el-pleno-de-las-cortes-para-la-reconstruccion-post-incendios","status":"publish","type":"post","link":"https:\/\/987aldia.com\/web\/la-junta-instara-a-la-oposicion-a-unirse-en-el-pleno-de-las-cortes-para-la-reconstruccion-post-incendios\/","title":{"rendered":"La Junta instar\u00e1 a la oposici\u00f3n a unirse en el pleno de las Cortes para la reconstrucci\u00f3n post-incendios"},"content":{"rendered":"<p>En un intento por impulsar la unidad y la colaboraci\u00f3n en un momento cr\u00edtico para la regi\u00f3n, la Junta ha hecho un llamado a la oposici\u00f3n durante el pleno de las Cortes para enfrentar juntos el desaf\u00edo de la recuperaci\u00f3n tras los devastadores incendios que han azotado la zona. El consejero de Econom\u00eda y Hacienda, Pilar del Olmo, ha destacado la importancia de dejar de lado las diferencias pol\u00edticas y trabajar en conjunto para proteger a las comunidades afectadas y reconstruir lo perdido.<\/p>\n<p>Por otro lado, el portavoz del Gobierno, Fern\u00e1ndez Carriedo, ha manifestado su respeto por el sistema judicial ante la presentaci\u00f3n de una querella por parte de Vox en el Tribunal Supremo contra miembros del Gobierno y de la Junta. Carriedo ha asegurado que conf\u00eda en la imparcialidad de la justicia y que est\u00e1n dispuestos a colaborar en todo lo necesario para esclarecer los hechos.<\/p>\n<p>En medio de la crisis provocada por los incendios y las tensiones pol\u00edticas, se espera que la colaboraci\u00f3n entre los diferentes actores sea clave para superar los desaf\u00edos y avanzar hacia la reconstrucci\u00f3n y la recuperaci\u00f3n de la regi\u00f3n.<\/p>\n","protected":false},"excerpt":{"rendered":"<p>En un intento por impulsar la unidad y la colaboraci\u00f3n en un momento cr\u00edtico para la regi\u00f3n, la Junta ha hecho un llamado a la oposici\u00f3n durante el pleno de las Cortes para enfrentar juntos el desaf\u00edo de la recuperaci\u00f3n tras los devastadores incendios que han azotado la zona. El consejero de Econom\u00eda y Hacienda, [&hellip;]<\/p>\n","protected":false},"author":1,"featured_media":9177,"comment_status":"open","ping_status":"closed","sticky":false,"template":"","format":"standard","meta":{"_monsterinsights_skip_tracking":false,"_monsterinsights_sitenote_active":false,"_monsterinsights_sitenote_note":"","_monsterinsights_sitenote_category":0,"site-container-style":"default","site-container-layout":"default","site-sidebar-layout":"default","disable-article-header":"default","disable-site-header":"default","disable-site-footer":"default","disable-content-area-spacing":"default","_jetpack_memberships_contains_paid_content":false,"footnotes":"","jetpack_publicize_message":"","jetpack_publicize_feature_enabled":true,"jetpack_social_post_already_shared":true,"jetpack_social_options":{"image_generator_settings":{"template":"highway","default_image_id":0,"font":"","enabled":false},"version":2}},"categories":[1],"tags":[],"class_list":["post-9176","post","type-post","status-publish","format-standard","has-post-thumbnail","hentry","category-uncategorized"],"jetpack_publicize_connections":[],"jetpack_featured_media_url":"https:\/\/987aldia.com\/web\/wp-content\/uploads\/2025\/09\/68c0345bb3df7.jpg","jetpack_sharing_enabled":true,"_links":{"self":[{"href":"https:\/\/987aldia.com\/web\/wp-json\/wp\/v2\/posts\/9176","targetHints":{"allow":["GET"]}}],"collection":[{"href":"https:\/\/987aldia.com\/web\/wp-json\/wp\/v2\/posts"}],"about":[{"href":"https:\/\/987aldia.com\/web\/wp-json\/wp\/v2\/types\/post"}],"author":[{"embeddable":true,"href":"https:\/\/987aldia.com\/web\/wp-json\/wp\/v2\/users\/1"}],"replies":[{"embeddable":true,"href":"https:\/\/987aldia.com\/web\/wp-json\/wp\/v2\/comments?post=9176"}],"version-history":[{"count":0,"href":"https:\/\/987aldia.com\/web\/wp-json\/wp\/v2\/posts\/9176\/revisions"}],"wp:featuredmedia":[{"embeddable":true,"href":"https:\/\/987aldia.com\/web\/wp-json\/wp\/v2\/media\/9177"}],"wp:attachment":[{"href":"https:\/\/987aldia.com\/web\/wp-json\/wp\/v2\/media?parent=9176"}],"wp:term":[{"taxonomy":"category","embeddable":true,"href":"https:\/\/987aldia.com\/web\/wp-json\/wp\/v2\/categories?post=9176"},{"taxonomy":"post_tag","embeddable":true,"href":"https:\/\/987aldia.com\/web\/wp-json\/wp\/v2\/tags?post=9176"}],"curies":[{"name":"wp","href":"https:\/\/api.w.org\/{rel}","templated":true}]}}