{"id":9193,"date":"2025-09-09T20:05:31","date_gmt":"2025-09-09T18:05:31","guid":{"rendered":"https:\/\/987aldia.com\/web\/el-psoe-advierte-que-el-fracaso-de-buscyl-podria-costarle-caro-a-manueco\/"},"modified":"2025-09-09T20:05:31","modified_gmt":"2025-09-09T18:05:31","slug":"el-psoe-advierte-que-el-fracaso-de-buscyl-podria-costarle-caro-a-manueco","status":"publish","type":"post","link":"https:\/\/987aldia.com\/web\/el-psoe-advierte-que-el-fracaso-de-buscyl-podria-costarle-caro-a-manueco\/","title":{"rendered":"El PSOE advierte que el fracaso de Buscyl podr\u00eda costarle caro a Ma\u00f1ueco."},"content":{"rendered":"<p>El Partido Socialista Obrero Espa\u00f1ol (PSOE) ha lanzado una advertencia al presidente de la Junta de Castilla y Le\u00f3n, Alfonso Fern\u00e1ndez Ma\u00f1ueco, referente al programa Buscyl. Seg\u00fan el PSOE, el \u00abcaos\u00bb en la implementaci\u00f3n de este sistema de transporte gratuito le saldr\u00e1 caro al mandatario auton\u00f3mico.<\/p>\n<p>Estas declaraciones se dan en medio de la pol\u00e9mica generada por las numerosas quejas y problemas t\u00e9cnicos reportados por los usuarios de Buscyl. A pesar de ello, el consejero de Fomento y Medio Ambiente, Juan Carlos Su\u00e1rez-Qui\u00f1ones, ha salido en defensa del programa, argumentando que las 210.600 solicitudes recibidas demuestran la confianza de la ciudadan\u00eda en el mismo. Seg\u00fan Su\u00e1rez-Qui\u00f1ones, \u00abdos de cada tres\u00bb usuarios ya pueden disfrutar del transporte gratuito en la regi\u00f3n.<\/p>\n<p>Mientras tanto, tanto el PSOE como otros sectores cr\u00edticos contin\u00faan cuestionando la gesti\u00f3n y la operatividad de Buscyl, se\u00f1alando que los problemas persisten y que la situaci\u00f3n no ha mejorado significativamente para los usuarios. Esta controversia pone de manifiesto las tensiones pol\u00edticas y la divisi\u00f3n de opiniones en torno a este programa de transporte p\u00fablico en Castilla y Le\u00f3n.<\/p>\n","protected":false},"excerpt":{"rendered":"<p>El Partido Socialista Obrero Espa\u00f1ol (PSOE) ha lanzado una advertencia al presidente de la Junta de Castilla y Le\u00f3n, Alfonso Fern\u00e1ndez Ma\u00f1ueco, referente al programa Buscyl. Seg\u00fan el PSOE, el \u00abcaos\u00bb en la implementaci\u00f3n de este sistema de transporte gratuito le saldr\u00e1 caro al mandatario auton\u00f3mico. Estas declaraciones se dan en medio de la pol\u00e9mica [&hellip;]<\/p>\n","protected":false},"author":1,"featured_media":9194,"comment_status":"open","ping_status":"closed","sticky":false,"template":"","format":"standard","meta":{"_monsterinsights_skip_tracking":false,"_monsterinsights_sitenote_active":false,"_monsterinsights_sitenote_note":"","_monsterinsights_sitenote_category":0,"site-container-style":"default","site-container-layout":"default","site-sidebar-layout":"default","disable-article-header":"default","disable-site-header":"default","disable-site-footer":"default","disable-content-area-spacing":"default","_jetpack_memberships_contains_paid_content":false,"footnotes":"","jetpack_publicize_message":"","jetpack_publicize_feature_enabled":true,"jetpack_social_post_already_shared":true,"jetpack_social_options":{"image_generator_settings":{"template":"highway","default_image_id":0,"font":"","enabled":false},"version":2}},"categories":[1],"tags":[],"class_list":["post-9193","post","type-post","status-publish","format-standard","has-post-thumbnail","hentry","category-uncategorized"],"jetpack_publicize_connections":[],"jetpack_featured_media_url":"https:\/\/987aldia.com\/web\/wp-content\/uploads\/2025\/09\/openai-image-1757441131.png","jetpack_sharing_enabled":true,"_links":{"self":[{"href":"https:\/\/987aldia.com\/web\/wp-json\/wp\/v2\/posts\/9193","targetHints":{"allow":["GET"]}}],"collection":[{"href":"https:\/\/987aldia.com\/web\/wp-json\/wp\/v2\/posts"}],"about":[{"href":"https:\/\/987aldia.com\/web\/wp-json\/wp\/v2\/types\/post"}],"author":[{"embeddable":true,"href":"https:\/\/987aldia.com\/web\/wp-json\/wp\/v2\/users\/1"}],"replies":[{"embeddable":true,"href":"https:\/\/987aldia.com\/web\/wp-json\/wp\/v2\/comments?post=9193"}],"version-history":[{"count":0,"href":"https:\/\/987aldia.com\/web\/wp-json\/wp\/v2\/posts\/9193\/revisions"}],"wp:featuredmedia":[{"embeddable":true,"href":"https:\/\/987aldia.com\/web\/wp-json\/wp\/v2\/media\/9194"}],"wp:attachment":[{"href":"https:\/\/987aldia.com\/web\/wp-json\/wp\/v2\/media?parent=9193"}],"wp:term":[{"taxonomy":"category","embeddable":true,"href":"https:\/\/987aldia.com\/web\/wp-json\/wp\/v2\/categories?post=9193"},{"taxonomy":"post_tag","embeddable":true,"href":"https:\/\/987aldia.com\/web\/wp-json\/wp\/v2\/tags?post=9193"}],"curies":[{"name":"wp","href":"https:\/\/api.w.org\/{rel}","templated":true}]}}