{"id":9195,"date":"2025-09-09T22:05:42","date_gmt":"2025-09-09T20:05:42","guid":{"rendered":"https:\/\/987aldia.com\/web\/quinones-anuncia-medidas-para-fortalecer-la-prevencion-de-incendios-forestales\/"},"modified":"2025-09-09T22:05:42","modified_gmt":"2025-09-09T20:05:42","slug":"quinones-anuncia-medidas-para-fortalecer-la-prevencion-de-incendios-forestales","status":"publish","type":"post","link":"https:\/\/987aldia.com\/web\/quinones-anuncia-medidas-para-fortalecer-la-prevencion-de-incendios-forestales\/","title":{"rendered":"Qui\u00f1ones anuncia medidas para fortalecer la prevenci\u00f3n de incendios forestales"},"content":{"rendered":"<p>El Ministro de Medio Ambiente, Qui\u00f1ones, ha anunciado que se encuentran en proceso de preparaci\u00f3n nuevas normas con el objetivo de mejorar la prevenci\u00f3n de los incendios forestales en el pa\u00eds. Estas medidas surgen como respuesta a la grave situaci\u00f3n que ha enfrentado recientemente el territorio, con m\u00faltiples incendios que han devastado extensas \u00e1reas forestales.<\/p>\n<p>\u00abTras este grav\u00edsimo episodio, va a haber m\u00e1s normativa que estamos ya preparando\u00bb, afirm\u00f3 el Ministro en una declaraci\u00f3n oficial. Se espera que estas nuevas regulaciones contribuyan a fortalecer las estrategias de prevenci\u00f3n, detecci\u00f3n y control de incendios, as\u00ed como a promover una mayor conciencia sobre la importancia de preservar nuestros bosques y ecosistemas.<\/p>\n<p>La iniciativa de Qui\u00f1ones ha sido recibida con expectativa por parte de la sociedad civil y organizaciones ambientales, quienes han expresado la urgencia de implementar medidas efectivas para combatir la creciente amenaza de los incendios forestales. Se espera que en las pr\u00f3ximas semanas se den a conocer m\u00e1s detalles sobre las normas propuestas y su impacto en la protecci\u00f3n de nuestros recursos naturales.<\/p>\n","protected":false},"excerpt":{"rendered":"<p>El Ministro de Medio Ambiente, Qui\u00f1ones, ha anunciado que se encuentran en proceso de preparaci\u00f3n nuevas normas con el objetivo de mejorar la prevenci\u00f3n de los incendios forestales en el pa\u00eds. Estas medidas surgen como respuesta a la grave situaci\u00f3n que ha enfrentado recientemente el territorio, con m\u00faltiples incendios que han devastado extensas \u00e1reas forestales. [&hellip;]<\/p>\n","protected":false},"author":1,"featured_media":9196,"comment_status":"open","ping_status":"closed","sticky":false,"template":"","format":"standard","meta":{"_monsterinsights_skip_tracking":false,"_monsterinsights_sitenote_active":false,"_monsterinsights_sitenote_note":"","_monsterinsights_sitenote_category":0,"site-container-style":"default","site-container-layout":"default","site-sidebar-layout":"default","disable-article-header":"default","disable-site-header":"default","disable-site-footer":"default","disable-content-area-spacing":"default","_jetpack_memberships_contains_paid_content":false,"footnotes":"","jetpack_publicize_message":"","jetpack_publicize_feature_enabled":true,"jetpack_social_post_already_shared":true,"jetpack_social_options":{"image_generator_settings":{"template":"highway","default_image_id":0,"font":"","enabled":false},"version":2}},"categories":[1],"tags":[],"class_list":["post-9195","post","type-post","status-publish","format-standard","has-post-thumbnail","hentry","category-uncategorized"],"jetpack_publicize_connections":[],"jetpack_featured_media_url":"https:\/\/987aldia.com\/web\/wp-content\/uploads\/2025\/09\/openai-image-1757448342.png","jetpack_sharing_enabled":true,"_links":{"self":[{"href":"https:\/\/987aldia.com\/web\/wp-json\/wp\/v2\/posts\/9195","targetHints":{"allow":["GET"]}}],"collection":[{"href":"https:\/\/987aldia.com\/web\/wp-json\/wp\/v2\/posts"}],"about":[{"href":"https:\/\/987aldia.com\/web\/wp-json\/wp\/v2\/types\/post"}],"author":[{"embeddable":true,"href":"https:\/\/987aldia.com\/web\/wp-json\/wp\/v2\/users\/1"}],"replies":[{"embeddable":true,"href":"https:\/\/987aldia.com\/web\/wp-json\/wp\/v2\/comments?post=9195"}],"version-history":[{"count":0,"href":"https:\/\/987aldia.com\/web\/wp-json\/wp\/v2\/posts\/9195\/revisions"}],"wp:featuredmedia":[{"embeddable":true,"href":"https:\/\/987aldia.com\/web\/wp-json\/wp\/v2\/media\/9196"}],"wp:attachment":[{"href":"https:\/\/987aldia.com\/web\/wp-json\/wp\/v2\/media?parent=9195"}],"wp:term":[{"taxonomy":"category","embeddable":true,"href":"https:\/\/987aldia.com\/web\/wp-json\/wp\/v2\/categories?post=9195"},{"taxonomy":"post_tag","embeddable":true,"href":"https:\/\/987aldia.com\/web\/wp-json\/wp\/v2\/tags?post=9195"}],"curies":[{"name":"wp","href":"https:\/\/api.w.org\/{rel}","templated":true}]}}