{"id":9197,"date":"2025-09-10T00:06:05","date_gmt":"2025-09-09T22:06:05","guid":{"rendered":"https:\/\/987aldia.com\/web\/manueco-da-su-respaldo-a-quinones-con-un-contundente-si-le-apoyo\/"},"modified":"2025-09-10T00:06:05","modified_gmt":"2025-09-09T22:06:05","slug":"manueco-da-su-respaldo-a-quinones-con-un-contundente-si-le-apoyo","status":"publish","type":"post","link":"https:\/\/987aldia.com\/web\/manueco-da-su-respaldo-a-quinones-con-un-contundente-si-le-apoyo\/","title":{"rendered":"Ma\u00f1ueco da su respaldo a Qui\u00f1ones con un contundente \u00abS\u00ed, le apoyo\u00bb"},"content":{"rendered":"<p>El respaldo del presidente de la Junta de Castilla y Le\u00f3n, Alfonso Fern\u00e1ndez Ma\u00f1ueco, hacia el consejero de Fomento y Medio Ambiente, Juan Carlos Su\u00e1rez-Qui\u00f1ones, ha generado controversia en la regi\u00f3n. Ante las cr\u00edticas y cuestionamientos de varios portavoces de la oposici\u00f3n, incluido el vicepresidente Francisco Igea, Ma\u00f1ueco ha manifestado p\u00fablicamente su apoyo a Qui\u00f1ones, afirmando: \u00abS\u00ed, le apoyo\u00bb.<\/p>\n<p>La pol\u00e9mica se desat\u00f3 luego de que surgieran discrepancias en torno a la continuidad de Su\u00e1rez-Qui\u00f1ones en su cargo debido a su gesti\u00f3n y decisiones en temas clave para la comunidad aut\u00f3noma. A pesar de las cr\u00edticas y la presi\u00f3n de distintos sectores, Ma\u00f1ueco ha ratificado su confianza en el consejero, lo que ha generado debate y divisi\u00f3n en el panorama pol\u00edtico de la regi\u00f3n.<\/p>\n<p>Mientras tanto, la oposici\u00f3n, liderada por Igea, contin\u00faa cuestionando la idoneidad de Su\u00e1rez-Qui\u00f1ones para seguir al frente de la Consejer\u00eda de Fomento y Medio Ambiente, lo que ha generado un clima de tensi\u00f3n y confrontaci\u00f3n en el \u00e1mbito pol\u00edtico de Castilla y Le\u00f3n. La situaci\u00f3n permanece en constante evoluci\u00f3n, con repercusiones que podr\u00edan influir en el futuro del gobierno regional.<\/p>\n","protected":false},"excerpt":{"rendered":"<p>El respaldo del presidente de la Junta de Castilla y Le\u00f3n, Alfonso Fern\u00e1ndez Ma\u00f1ueco, hacia el consejero de Fomento y Medio Ambiente, Juan Carlos Su\u00e1rez-Qui\u00f1ones, ha generado controversia en la regi\u00f3n. Ante las cr\u00edticas y cuestionamientos de varios portavoces de la oposici\u00f3n, incluido el vicepresidente Francisco Igea, Ma\u00f1ueco ha manifestado p\u00fablicamente su apoyo a Qui\u00f1ones, [&hellip;]<\/p>\n","protected":false},"author":1,"featured_media":9198,"comment_status":"open","ping_status":"closed","sticky":false,"template":"","format":"standard","meta":{"_monsterinsights_skip_tracking":false,"_monsterinsights_sitenote_active":false,"_monsterinsights_sitenote_note":"","_monsterinsights_sitenote_category":0,"site-container-style":"default","site-container-layout":"default","site-sidebar-layout":"default","disable-article-header":"default","disable-site-header":"default","disable-site-footer":"default","disable-content-area-spacing":"default","_jetpack_memberships_contains_paid_content":false,"footnotes":"","jetpack_publicize_message":"","jetpack_publicize_feature_enabled":true,"jetpack_social_post_already_shared":true,"jetpack_social_options":{"image_generator_settings":{"template":"highway","default_image_id":0,"font":"","enabled":false},"version":2}},"categories":[1],"tags":[],"class_list":["post-9197","post","type-post","status-publish","format-standard","has-post-thumbnail","hentry","category-uncategorized"],"jetpack_publicize_connections":[],"jetpack_featured_media_url":"https:\/\/987aldia.com\/web\/wp-content\/uploads\/2025\/09\/openai-image-1757455565.png","jetpack_sharing_enabled":true,"_links":{"self":[{"href":"https:\/\/987aldia.com\/web\/wp-json\/wp\/v2\/posts\/9197","targetHints":{"allow":["GET"]}}],"collection":[{"href":"https:\/\/987aldia.com\/web\/wp-json\/wp\/v2\/posts"}],"about":[{"href":"https:\/\/987aldia.com\/web\/wp-json\/wp\/v2\/types\/post"}],"author":[{"embeddable":true,"href":"https:\/\/987aldia.com\/web\/wp-json\/wp\/v2\/users\/1"}],"replies":[{"embeddable":true,"href":"https:\/\/987aldia.com\/web\/wp-json\/wp\/v2\/comments?post=9197"}],"version-history":[{"count":0,"href":"https:\/\/987aldia.com\/web\/wp-json\/wp\/v2\/posts\/9197\/revisions"}],"wp:featuredmedia":[{"embeddable":true,"href":"https:\/\/987aldia.com\/web\/wp-json\/wp\/v2\/media\/9198"}],"wp:attachment":[{"href":"https:\/\/987aldia.com\/web\/wp-json\/wp\/v2\/media?parent=9197"}],"wp:term":[{"taxonomy":"category","embeddable":true,"href":"https:\/\/987aldia.com\/web\/wp-json\/wp\/v2\/categories?post=9197"},{"taxonomy":"post_tag","embeddable":true,"href":"https:\/\/987aldia.com\/web\/wp-json\/wp\/v2\/tags?post=9197"}],"curies":[{"name":"wp","href":"https:\/\/api.w.org\/{rel}","templated":true}]}}