{"id":920,"date":"2023-03-16T17:11:35","date_gmt":"2023-03-16T17:11:35","guid":{"rendered":"https:\/\/987aldia.com\/web\/?p=920"},"modified":"2023-03-16T17:11:36","modified_gmt":"2023-03-16T17:11:36","slug":"la-junta-gratifica-la-biodiversidad-en-los-medios-rurales-y-urbanos-en-la-ix-edicion-de-los-premios-de-construccion-sostenible-de-castilla-y-leon","status":"publish","type":"post","link":"https:\/\/987aldia.com\/web\/la-junta-gratifica-la-biodiversidad-en-los-medios-rurales-y-urbanos-en-la-ix-edicion-de-los-premios-de-construccion-sostenible-de-castilla-y-leon\/","title":{"rendered":"La Junta gratifica la Biodiversidad en los Medios Rurales y Urbanos en la IX edici\u00f3n de los Premios de Construcci\u00f3n Sostenible de Castilla y Le\u00f3n"},"content":{"rendered":"\n<h2 class=\"wp-block-heading\">Juan Carlos Su\u00e1rez-Qui\u00f1ones, consejero de Medio Ambiente, Vivienda y Ordenaci\u00f3n del Territorio, ha realizado esta ma\u00f1ana la entrega de los premios, menciones, acc\u00e9sit con que han sido diferenciadas las propuestas de 28 proyectos destacados en la IX edici\u00f3n de los Premios de Construcci\u00f3n de Castilla y Le\u00f3n. El reconocido arquitecto, dibujante, ilustrador, historiador y escritor Jos\u00e9 Mar\u00eda P\u00e9rez &#8216;Peridis&#8217; ha sido distinguido con el Premio Especial de Proyecci\u00f3n Exterior de Castilla y Le\u00f3n por su contribuci\u00f3n a proyectos en la Comunidad.<\/h2>\n\n\n\n<p>El consejero ha subrayado el compromiso con un modelo de construcci\u00f3n m\u00e1s apto de los participantes y ha reconocido concretamente las intervenciones en los proyectos y actuaciones de construcci\u00f3n que, a juicio del jurado, \u201caportan aspectos relevantes, innovadores y de integraci\u00f3n que permiten un comportamiento sostenible y contribuyen a la revitalizaci\u00f3n y mejora de la calidad del espacio en que se ubican y la biodiversidad en los entornos urbanos y rurales\u201d.<\/p>\n\n\n\n<p>\u201cLa variedad y calidad de los proyectos que han concurrido a estos premios demuestra que sois ya muchos los profesionales del sector comprometidos con este modelo, contribuyendo con ello, desde la actividad constructiva y edificatoria, a avanzar en edificios sostenibles, sin\u00f3nimo de mejores condiciones de vida para sus ocupantes\u201d, ha gratificado el consejero.<\/p>\n\n\n\n<p>Ha mencionado particularmente la dimensi\u00f3n internacional de los premios, que verifican la globalidad de los impactos ambientales de la construcci\u00f3n, al premiar proyectos innovadores desarrollados en el \u00e1rea Transfronteriza de Cooperaci\u00f3n de Castilla y Le\u00f3n con Portugal, en cooperaci\u00f3n entre empresas y organizaciones de ambos lados de la frontera.<\/p>\n\n\n\n<p>Su\u00e1rez-Qui\u00f1ones ha subrayado que la Junta de Castilla y Le\u00f3n apuesta desde hace a\u00f1os por la construcci\u00f3n de edificios de energ\u00eda casi nula, por la construcci\u00f3n o rehabilitaci\u00f3n de edificios eficientes energ\u00e9ticamente y por la descarbonizaci\u00f3n de las edificaciones. \u201cPor eso, estos premios pretenden precisamente desde su primera edici\u00f3n incentivar a los profesionales para que estos mismos objetivos se asuman por la sociedad civil. De esta forma, las actuaciones edificatorias que hoy condecoramos queremos que sirvan de escaparate ejemplarizante de lo que significa una construcci\u00f3n sostenible\u201d.<\/p>\n\n\n\n<p>En esta l\u00ednea, la futura edici\u00f3n de los premios \u2013que cumplir\u00e1n 20 a\u00f1os\u2013\u00a0estar\u00e1 destinada a \u201cidentificar, evaluar y analizar la contribuci\u00f3n al proceso de descarbonizaci\u00f3n que realizan edificios e infraestructuras a lo largo de su ciclo de vida\u201d, conforme avanz\u00f3 el responsable de la Consejer\u00eda.<\/p>\n\n\n\n<p><strong>Buen momento del sector de la construcci\u00f3n<\/strong><\/p>\n\n\n\n<p>Para terminar, Su\u00e1rez-Qui\u00f1ones ha mencionado al buen momento que vive el sector de la construcci\u00f3n. De esta manera, ha recordado que en el a\u00f1o 2022 el sector ha mejorado posiciones. Ha disminuido el desempleo del sector un 20 % y\u00a0ha tenido una intervenci\u00f3n p\u00fablica muy relevante, con 1.639,2 millones de euros en licitaciones de obra p\u00fablica con un aumento del 19,2 % respecto a 2021.<\/p>\n\n\n\n<p>Un sector que mantiene 65.400 trabajadores, que se ha incrementado un 0,3% respecto al 2021, pero que \u2013 conforme ha recordado\u2013 requiere de una urgente incorporaci\u00f3n de j\u00f3venes y de mujeres. Por ello, ha enfatizado la oportunidad que suponen estos premios, que son una forma tambi\u00e9n de alentar esas vocaciones a este sector de la edificaci\u00f3n que cada vez es m\u00e1s tecnol\u00f3gico, moderno y especializado, donde es preciso una formaci\u00f3n profesional cada vez m\u00e1s acusada en energ\u00edas renovables, t\u00e9cnicas de construcci\u00f3n sostenibles, y en decisiva un sector cuya imagen no se corresponde con su realidad.<\/p>\n\n\n\n<p><strong>Premios Construcci\u00f3n Sostenible<\/strong><\/p>\n\n\n\n<p>De car\u00e1cter bienal, son un referente de la edificaci\u00f3n sostenible y de la innovaci\u00f3n en construcci\u00f3n a nivel auton\u00f3mico y nacional y uno de los cert\u00e1menes m\u00e1s longevos, vanguardistas y prestigiosos de Espa\u00f1a sobre sostenibilidad en construcci\u00f3n.<\/p>\n\n\n\n<p>Tienen como fin la distinci\u00f3n de proyectos y actuaciones constructivos que aporten aspectos relevantes, innovadores y de integraci\u00f3n que permitan demostrar su comportamiento sostenible y su contribuci\u00f3n a la revitalizaci\u00f3n y mejora de la calidad del espacio y la biodiversidad en los entornos urbanos y rurales.<\/p>\n\n\n\n<p>Desde la primera edici\u00f3n en 2005-2006, se han presentado 827 proyectos.<\/p>\n\n\n\n<p>Son una iniciativa de la Consejer\u00eda de Medio Ambiente, Vivienda y Ordenaci\u00f3n del Territorio en colaboraci\u00f3n con el Instituto de la Construcci\u00f3n de Castilla y Le\u00f3n.<\/p>\n\n\n\n<p>El jurado est\u00e1 compuesto por el Consejero, y como vocales act\u00faan 3 miembros de la DG Vivienda, Arquitectura, Ordenaci\u00f3n del Territorio y Urbanismo, 3 miembros de la DG Infraestructuras y Sostenibilidad Ambiental, 3 miembros de la DG de Carreteras e Infraestructuras, Decanos de los Colegios de Arquitectos de Castilla y Le\u00f3n Este y de Le\u00f3n, Presidente del Consejo Auton\u00f3mico de Colegios Oficiales de Aparejadores y Arquitectos T\u00e9cnicos de Castilla y Le\u00f3n, Decano del Colegio de Ingenieros de Caminos, Canales y Puertos de Castilla y Le\u00f3n, Presidente del Consejo Auton\u00f3mico de Colegios Oficiales de Aparejadores y Arquitectos T\u00e9cnicos de Castilla y Le\u00f3n, Presidente de la Confederaci\u00f3n Castellano Leonesa de la Construcci\u00f3n, Presidente de la C\u00e1mara de Contratistas de Castilla y Le\u00f3n, Presidente de la Agrupaci\u00f3n Empresarial Innovadora de Construcci\u00f3n Eficiente, Director de la E.T.S. de Arquitectura de la UVA, Director de la Escuela Polit\u00e9cnica Superior de la UBU y Presidente del ICCL. Con voz, pero sin voto, ejerce la Secretar\u00eda, ocupada por la directora gerente del Instituto de la Construcci\u00f3n de Castilla y Le\u00f3n.<\/p>\n\n\n\n<p><strong>IX Edici\u00f3n 2021-2022. Relaci\u00f3n de premiados<\/strong><\/p>\n\n\n\n<p>Se han presentado 107 proyectos, 81 propuestas de Castilla y Le\u00f3n y 26 de otras diez comunidades aut\u00f3nomas, y se han diferenciado 28 trabajos, 9 premios, 9 acc\u00e9sit y 10 menciones de Honor.<\/p>\n\n\n\n<p>La relaci\u00f3n de premiados en los 9\u00ba Premios de Construcci\u00f3n Sostenible de Castilla y Le\u00f3n es la siguiente:<\/p>\n\n\n\n<p><strong>CATEGOR\u00cdA EDIFICACI\u00d3N<\/strong><\/p>\n\n\n\n<p><strong>\u00c1mbito de Castilla y Le\u00f3n:<\/strong><\/p>\n\n\n\n<ul class=\"wp-block-list\">\n<li>Residencial unifamiliar: premio para vivienda unifamiliar en Navarredonda de Gredos (\u00c1vila); acc\u00e9sit para vivienda unifamiliar \u2018passivhaus\u2019 plus en Palencia, y acc\u00e9sit para casa en Alcoba de la Torre (Soria).<\/li>\n\n\n\n<li>Residencial colectiva: premio para intervenci\u00f3n en edificio existente cambio de uso de oficinas, en Valladolid; acc\u00e9sit para acondicionamiento y rehabilitaci\u00f3n edificio doce viviendas, en Burgos, y menci\u00f3n para rehabilitaci\u00f3n de viviendas de tres edificios hist\u00f3ricos para viviendas en Burgos<\/li>\n\n\n\n<li>Equipamiento: para edificio I+D+I Campus universitario de Soria; acc\u00e9sit para edificio de servicios y accesos Parque la Laguna Negra, en Vinuesa (Soria), y menci\u00f3n para Escuela infantil municipal \u2018R\u00edo Vena\u2019, en Burgos.<\/li>\n\n\n\n<li>Otra actuaciones o campos: acc\u00e9sit para almacenamiento, elaboraci\u00f3n, crianza y embotellado por m\u00e9todos tradicionales en antiguos calados recuperados, en Quintana del Pidi\u00f3 (Burgos).<\/li>\n<\/ul>\n\n\n\n<p><strong>\u00c1mbito exterior (resto de Espa\u00f1a):<\/strong><\/p>\n\n\n\n<ul class=\"wp-block-list\">\n<li>Residencial unifamiliar: premio para Casa Margarita, en Calatayud (Zaragoza), y menci\u00f3n para 2 viviendas pasivas adosadas, en Sant Andreu de la Barca (Barcelona).<\/li>\n\n\n\n<li>Residencial colectiva: menci\u00f3n para cochousing entrepatios, en Barrio de Usera (Madrid).<\/li>\n\n\n\n<li>Equipamiento: premio rehabilitaci\u00f3n energ\u00e9tica edificio patrimonial (oficinas Menorca Reserva Biosfera, en Mah\u00f3n (Menorca); acc\u00e9sit para \u2018Hacia la mas\u00eda del siglo XVI\u2019, de Monroyo (Teruel), y menci\u00f3n para IES La Fresneda, en Siero (Asturias).<\/li>\n\n\n\n<li>Otras actuaciones o campos: acc\u00e9sit para oficina ecol\u00f3gica triple Ferraz, en Madrid, y menci\u00f3n para sede de Greenpeace, en Madrid.<\/li>\n<\/ul>\n\n\n\n<p><strong>CATEGOR\u00cdA INFRAESTRUCTURAS, URBANISMO Y ACTUACIONES EN ESPACIOS EXTERIORES<\/strong><\/p>\n\n\n\n<p><strong>\u00c1mbito Castilla y Le\u00f3n:<\/strong><\/p>\n\n\n\n<ul class=\"wp-block-list\">\n<li>Premio para retablos urbanos reurbanizaci\u00f3n de Las Llanas, en Llanas de Afuera (Burgos).<\/li>\n\n\n\n<li>Premio para rehabilitaci\u00f3n del Parque de los Jardinillos, en Palencia.<\/li>\n<\/ul>\n\n\n\n<p><strong>\u00c1mbito exterior (resto de Espa\u00f1a):<\/strong><\/p>\n\n\n\n<ul class=\"wp-block-list\">\n<li>Parc de les Aig\u00fces, en Cornell\u00e1 (Barcelona).<\/li>\n<\/ul>\n\n\n\n<p><strong>CATEGOR\u00cdA INNOVACI\u00d3N<\/strong><\/p>\n\n\n\n<ul class=\"wp-block-list\">\n<li>Premio para proyecto internacional Indnatur-Poctep, en Espa\u00f1a-Portugal; acc\u00e9sit para Petit Village en Barajas (Vizcaya; acc\u00e9sit a Onyx Solar, en \u00c1vila; menci\u00f3n para \u2018Un enfoque bioregional para el Valla del Ti\u00e9tar\u2019, en \u00c1vila; menci\u00f3n para Espora 20 Encuentro de Bioconstrucci\u00f3n, en Valladolid, y menci\u00f3n para Talleres de innovaci\u00f3n y sostenibilidad, en Valladolid.<\/li>\n<\/ul>\n\n\n\n<p><strong>PREMIO ESPECIAL DE PROYECCI\u00d3N EXTERIOR DE CASTILLA Y LE\u00d3N<\/strong><\/p>\n\n\n\n<ul class=\"wp-block-list\">\n<li>Para Jos\u00e9 Mar\u00eda Peridis, conocido arquitecto, ilustrador, historiador, dibujante y escritor, impulsor de proyectos arquitect\u00f3nicos, urban\u00edsticos, educativos y culturales en la Comunidad de Castilla y Le\u00f3n.<\/li>\n<\/ul>\n","protected":false},"excerpt":{"rendered":"<p>Juan Carlos Su\u00e1rez-Qui\u00f1ones, consejero de Medio Ambiente, Vivienda y Ordenaci\u00f3n del Territorio, ha realizado esta ma\u00f1ana la entrega de los premios, menciones, acc\u00e9sit con que han sido diferenciadas las propuestas de 28 proyectos destacados en la IX edici\u00f3n de los Premios de Construcci\u00f3n de Castilla y Le\u00f3n. El reconocido arquitecto, dibujante, ilustrador, historiador y escritor [&hellip;]<\/p>\n","protected":false},"author":1,"featured_media":923,"comment_status":"open","ping_status":"closed","sticky":false,"template":"","format":"standard","meta":{"_monsterinsights_skip_tracking":false,"_monsterinsights_sitenote_active":false,"_monsterinsights_sitenote_note":"","_monsterinsights_sitenote_category":0,"site-container-style":"default","site-container-layout":"default","site-sidebar-layout":"default","disable-article-header":"default","disable-site-header":"default","disable-site-footer":"default","disable-content-area-spacing":"default","_jetpack_memberships_contains_paid_content":false,"footnotes":"","jetpack_publicize_message":"","jetpack_publicize_feature_enabled":true,"jetpack_social_post_already_shared":false,"jetpack_social_options":{"image_generator_settings":{"template":"highway","default_image_id":0,"font":"","enabled":false},"version":2}},"categories":[10],"tags":[],"class_list":["post-920","post","type-post","status-publish","format-standard","has-post-thumbnail","hentry","category-castilla-y-leon"],"jetpack_publicize_connections":[],"jetpack_featured_media_url":"https:\/\/987aldia.com\/web\/wp-content\/uploads\/2023\/03\/victor-0NJ9urGXrIg-unsplash.jpg","jetpack_sharing_enabled":true,"_links":{"self":[{"href":"https:\/\/987aldia.com\/web\/wp-json\/wp\/v2\/posts\/920","targetHints":{"allow":["GET"]}}],"collection":[{"href":"https:\/\/987aldia.com\/web\/wp-json\/wp\/v2\/posts"}],"about":[{"href":"https:\/\/987aldia.com\/web\/wp-json\/wp\/v2\/types\/post"}],"author":[{"embeddable":true,"href":"https:\/\/987aldia.com\/web\/wp-json\/wp\/v2\/users\/1"}],"replies":[{"embeddable":true,"href":"https:\/\/987aldia.com\/web\/wp-json\/wp\/v2\/comments?post=920"}],"version-history":[{"count":3,"href":"https:\/\/987aldia.com\/web\/wp-json\/wp\/v2\/posts\/920\/revisions"}],"predecessor-version":[{"id":924,"href":"https:\/\/987aldia.com\/web\/wp-json\/wp\/v2\/posts\/920\/revisions\/924"}],"wp:featuredmedia":[{"embeddable":true,"href":"https:\/\/987aldia.com\/web\/wp-json\/wp\/v2\/media\/923"}],"wp:attachment":[{"href":"https:\/\/987aldia.com\/web\/wp-json\/wp\/v2\/media?parent=920"}],"wp:term":[{"taxonomy":"category","embeddable":true,"href":"https:\/\/987aldia.com\/web\/wp-json\/wp\/v2\/categories?post=920"},{"taxonomy":"post_tag","embeddable":true,"href":"https:\/\/987aldia.com\/web\/wp-json\/wp\/v2\/tags?post=920"}],"curies":[{"name":"wp","href":"https:\/\/api.w.org\/{rel}","templated":true}]}}