{"id":9209,"date":"2025-09-10T12:06:05","date_gmt":"2025-09-10T10:06:05","guid":{"rendered":"https:\/\/987aldia.com\/web\/dos-hombres-involucrados-en-apunalamiento-durante-festividad-en-santa-maria-del-paramo-uno-detenido-y-otro-bajo-investigacion\/"},"modified":"2025-09-10T12:06:05","modified_gmt":"2025-09-10T10:06:05","slug":"dos-hombres-involucrados-en-apunalamiento-durante-festividad-en-santa-maria-del-paramo-uno-detenido-y-otro-bajo-investigacion","status":"publish","type":"post","link":"https:\/\/987aldia.com\/web\/dos-hombres-involucrados-en-apunalamiento-durante-festividad-en-santa-maria-del-paramo-uno-detenido-y-otro-bajo-investigacion\/","title":{"rendered":"Dos hombres involucrados en apu\u00f1alamiento durante festividad en Santa Mar\u00eda del P\u00e1ramo: uno detenido y otro bajo investigaci\u00f3n."},"content":{"rendered":"<p>En un lamentable incidente ocurrido durante las festividades de Santa Mar\u00eda del P\u00e1ramo, la Guardia Civil ha detenido a un individuo y se encuentra investigando a otro por su presunta implicaci\u00f3n en un apu\u00f1alamiento. Los hechos, que han conmocionado a la comunidad local, tuvieron lugar en medio de la celebraci\u00f3n, generando un clima de tensi\u00f3n entre los asistentes.<\/p>\n<p>Tras una r\u00e1pida intervenci\u00f3n de las autoridades, el presunto autor del ataque fue arrestado apenas unas horas despu\u00e9s de ocurrido el suceso, lo que ha contribuido a aliviar en parte la preocupaci\u00f3n de los habitantes de la zona. No obstante, el esclarecimiento total de lo sucedido y la identificaci\u00f3n de todos los implicados a\u00fan se encuentran en proceso, mientras se espera que se haga justicia y se garantice la seguridad de los ciudadanos en futuras celebraciones.<\/p>\n<p>Las autoridades locales han expresado su firme compromiso de esclarecer los hechos y llevar a los responsables ante la justicia, reafirmando su determinaci\u00f3n de mantener el orden y la tranquilidad en la localidad. Mientras tanto, la comunidad permanece en vilo, a la espera de nuevas informaciones que arrojen luz sobre este tr\u00e1gico episodio que ha empa\u00f1ado las festividades de Santa Mar\u00eda del P\u00e1ramo.<\/p>\n","protected":false},"excerpt":{"rendered":"<p>En un lamentable incidente ocurrido durante las festividades de Santa Mar\u00eda del P\u00e1ramo, la Guardia Civil ha detenido a un individuo y se encuentra investigando a otro por su presunta implicaci\u00f3n en un apu\u00f1alamiento. Los hechos, que han conmocionado a la comunidad local, tuvieron lugar en medio de la celebraci\u00f3n, generando un clima de tensi\u00f3n [&hellip;]<\/p>\n","protected":false},"author":1,"featured_media":0,"comment_status":"open","ping_status":"closed","sticky":false,"template":"","format":"standard","meta":{"_monsterinsights_skip_tracking":false,"_monsterinsights_sitenote_active":false,"_monsterinsights_sitenote_note":"","_monsterinsights_sitenote_category":0,"site-container-style":"default","site-container-layout":"default","site-sidebar-layout":"default","disable-article-header":"default","disable-site-header":"default","disable-site-footer":"default","disable-content-area-spacing":"default","_jetpack_memberships_contains_paid_content":false,"footnotes":"","jetpack_publicize_message":"","jetpack_publicize_feature_enabled":true,"jetpack_social_post_already_shared":true,"jetpack_social_options":{"image_generator_settings":{"template":"highway","default_image_id":0,"font":"","enabled":false},"version":2}},"categories":[1],"tags":[],"class_list":["post-9209","post","type-post","status-publish","format-standard","hentry","category-uncategorized"],"jetpack_publicize_connections":[],"jetpack_featured_media_url":"","jetpack_sharing_enabled":true,"_links":{"self":[{"href":"https:\/\/987aldia.com\/web\/wp-json\/wp\/v2\/posts\/9209","targetHints":{"allow":["GET"]}}],"collection":[{"href":"https:\/\/987aldia.com\/web\/wp-json\/wp\/v2\/posts"}],"about":[{"href":"https:\/\/987aldia.com\/web\/wp-json\/wp\/v2\/types\/post"}],"author":[{"embeddable":true,"href":"https:\/\/987aldia.com\/web\/wp-json\/wp\/v2\/users\/1"}],"replies":[{"embeddable":true,"href":"https:\/\/987aldia.com\/web\/wp-json\/wp\/v2\/comments?post=9209"}],"version-history":[{"count":0,"href":"https:\/\/987aldia.com\/web\/wp-json\/wp\/v2\/posts\/9209\/revisions"}],"wp:attachment":[{"href":"https:\/\/987aldia.com\/web\/wp-json\/wp\/v2\/media?parent=9209"}],"wp:term":[{"taxonomy":"category","embeddable":true,"href":"https:\/\/987aldia.com\/web\/wp-json\/wp\/v2\/categories?post=9209"},{"taxonomy":"post_tag","embeddable":true,"href":"https:\/\/987aldia.com\/web\/wp-json\/wp\/v2\/tags?post=9209"}],"curies":[{"name":"wp","href":"https:\/\/api.w.org\/{rel}","templated":true}]}}