{"id":9210,"date":"2025-09-10T14:06:21","date_gmt":"2025-09-10T12:06:21","guid":{"rendered":"https:\/\/987aldia.com\/web\/valdevimbre-inaugura-un-moderno-centro-civico-para-la-comunidad\/"},"modified":"2025-09-10T14:06:21","modified_gmt":"2025-09-10T12:06:21","slug":"valdevimbre-inaugura-un-moderno-centro-civico-para-la-comunidad","status":"publish","type":"post","link":"https:\/\/987aldia.com\/web\/valdevimbre-inaugura-un-moderno-centro-civico-para-la-comunidad\/","title":{"rendered":"Valdevimbre inaugura un moderno centro c\u00edvico para la comunidad"},"content":{"rendered":"<p>En un paso significativo hacia el progreso y la modernizaci\u00f3n, Valdevimbre ha inaugurado su nuevo centro c\u00edvico, un espacio innovador que promete ser un punto de encuentro clave para la comunidad local. Con una inversi\u00f3n de 1.172.000 euros, las instalaciones del centro cuentan con una amplia zona cultural destinada a promover el arte y la creatividad, as\u00ed como un vivero de empresas que busca impulsar el emprendimiento y la generaci\u00f3n de empleo en la regi\u00f3n.<\/p>\n<p>Este nuevo centro c\u00edvico se presenta como un importante recurso para fomentar el desarrollo econ\u00f3mico y social de Valdevimbre, ofreciendo a sus habitantes un lugar vers\u00e1til y din\u00e1mico donde disfrutar de actividades culturales, recibir formaci\u00f3n empresarial y conectar con otros miembros de la comunidad. Sin duda, esta iniciativa representa un paso adelante en el camino hacia un futuro m\u00e1s pr\u00f3spero y vibrante para esta localidad.<\/p>\n<p>La apertura de este centro c\u00edvico demuestra el compromiso de las autoridades locales con el bienestar y el progreso de Valdevimbre, apostando por la creaci\u00f3n de espacios que impulsen el talento local y promuevan la innovaci\u00f3n en todos los \u00e1mbitos. Con una infraestructura moderna y funcional, este nuevo centro se perfila como un punto de referencia en la regi\u00f3n, consolidando a Valdevimbre como un lugar en constante evoluci\u00f3n y crecimiento.<\/p>\n","protected":false},"excerpt":{"rendered":"<p>En un paso significativo hacia el progreso y la modernizaci\u00f3n, Valdevimbre ha inaugurado su nuevo centro c\u00edvico, un espacio innovador que promete ser un punto de encuentro clave para la comunidad local. Con una inversi\u00f3n de 1.172.000 euros, las instalaciones del centro cuentan con una amplia zona cultural destinada a promover el arte y la [&hellip;]<\/p>\n","protected":false},"author":1,"featured_media":9211,"comment_status":"open","ping_status":"closed","sticky":false,"template":"","format":"standard","meta":{"_monsterinsights_skip_tracking":false,"_monsterinsights_sitenote_active":false,"_monsterinsights_sitenote_note":"","_monsterinsights_sitenote_category":0,"site-container-style":"default","site-container-layout":"default","site-sidebar-layout":"default","disable-article-header":"default","disable-site-header":"default","disable-site-footer":"default","disable-content-area-spacing":"default","_jetpack_memberships_contains_paid_content":false,"footnotes":"","jetpack_publicize_message":"","jetpack_publicize_feature_enabled":true,"jetpack_social_post_already_shared":true,"jetpack_social_options":{"image_generator_settings":{"template":"highway","default_image_id":0,"font":"","enabled":false},"version":2}},"categories":[1],"tags":[],"class_list":["post-9210","post","type-post","status-publish","format-standard","has-post-thumbnail","hentry","category-uncategorized"],"jetpack_publicize_connections":[],"jetpack_featured_media_url":"https:\/\/987aldia.com\/web\/wp-content\/uploads\/2025\/09\/openai-image-1757505981.png","jetpack_sharing_enabled":true,"_links":{"self":[{"href":"https:\/\/987aldia.com\/web\/wp-json\/wp\/v2\/posts\/9210","targetHints":{"allow":["GET"]}}],"collection":[{"href":"https:\/\/987aldia.com\/web\/wp-json\/wp\/v2\/posts"}],"about":[{"href":"https:\/\/987aldia.com\/web\/wp-json\/wp\/v2\/types\/post"}],"author":[{"embeddable":true,"href":"https:\/\/987aldia.com\/web\/wp-json\/wp\/v2\/users\/1"}],"replies":[{"embeddable":true,"href":"https:\/\/987aldia.com\/web\/wp-json\/wp\/v2\/comments?post=9210"}],"version-history":[{"count":0,"href":"https:\/\/987aldia.com\/web\/wp-json\/wp\/v2\/posts\/9210\/revisions"}],"wp:featuredmedia":[{"embeddable":true,"href":"https:\/\/987aldia.com\/web\/wp-json\/wp\/v2\/media\/9211"}],"wp:attachment":[{"href":"https:\/\/987aldia.com\/web\/wp-json\/wp\/v2\/media?parent=9210"}],"wp:term":[{"taxonomy":"category","embeddable":true,"href":"https:\/\/987aldia.com\/web\/wp-json\/wp\/v2\/categories?post=9210"},{"taxonomy":"post_tag","embeddable":true,"href":"https:\/\/987aldia.com\/web\/wp-json\/wp\/v2\/tags?post=9210"}],"curies":[{"name":"wp","href":"https:\/\/api.w.org\/{rel}","templated":true}]}}