{"id":9214,"date":"2025-09-10T18:06:19","date_gmt":"2025-09-10T16:06:19","guid":{"rendered":"https:\/\/987aldia.com\/web\/detenido-un-hombre-e-investigado-otro-por-apunalamiento-en-fiestas-de-santa-maria-del-paramo\/"},"modified":"2025-09-10T18:06:19","modified_gmt":"2025-09-10T16:06:19","slug":"detenido-un-hombre-e-investigado-otro-por-apunalamiento-en-fiestas-de-santa-maria-del-paramo","status":"publish","type":"post","link":"https:\/\/987aldia.com\/web\/detenido-un-hombre-e-investigado-otro-por-apunalamiento-en-fiestas-de-santa-maria-del-paramo\/","title":{"rendered":"Detenido un hombre e investigado otro por apu\u00f1alamiento en fiestas de Santa Mar\u00eda del P\u00e1ramo"},"content":{"rendered":"<p>El pasado viernes, la localidad de Santa Mar\u00eda del P\u00e1ramo se vio sacudida por un violento incidente durante las celebraciones de sus fiestas patronales. La Guardia Civil, en una r\u00e1pida y eficaz intervenci\u00f3n, logr\u00f3 detener a un hombre presuntamente implicado en un apu\u00f1alamiento que dej\u00f3 conmocionada a la comunidad.<\/p>\n<p>El altercado tuvo lugar en plena festividad, generando un clima de tensi\u00f3n entre los asistentes que disfrutaban de las tradicionales actividades programadas para la ocasi\u00f3n. Seg\u00fan fuentes policiales, tras recibir el aviso del suceso, se despleg\u00f3 un operativo que culmin\u00f3 con la detenci\u00f3n del sospechoso pocas horas despu\u00e9s del ataque.<\/p>\n<p>La v\u00edctima del apu\u00f1alamiento recibi\u00f3 atenci\u00f3n m\u00e9dica inmediata y se encuentra fuera de peligro, pero el impacto de este acto de violencia ha dejado a la comunidad consternada. Mientras tanto, las autoridades contin\u00faan con las investigaciones para esclarecer los motivos detr\u00e1s de este lamentable suceso y determinar la posible implicaci\u00f3n de otros individuos en el caso.<\/p>\n<p>La tranquilidad de Santa Mar\u00eda del P\u00e1ramo se vio moment\u00e1neamente perturbada por este incidente, record\u00e1ndonos la importancia de mantener la seguridad y la convivencia pac\u00edfica en nuestras celebraciones populares.<\/p>\n","protected":false},"excerpt":{"rendered":"<p>El pasado viernes, la localidad de Santa Mar\u00eda del P\u00e1ramo se vio sacudida por un violento incidente durante las celebraciones de sus fiestas patronales. La Guardia Civil, en una r\u00e1pida y eficaz intervenci\u00f3n, logr\u00f3 detener a un hombre presuntamente implicado en un apu\u00f1alamiento que dej\u00f3 conmocionada a la comunidad. El altercado tuvo lugar en plena [&hellip;]<\/p>\n","protected":false},"author":1,"featured_media":0,"comment_status":"open","ping_status":"closed","sticky":false,"template":"","format":"standard","meta":{"_monsterinsights_skip_tracking":false,"_monsterinsights_sitenote_active":false,"_monsterinsights_sitenote_note":"","_monsterinsights_sitenote_category":0,"site-container-style":"default","site-container-layout":"default","site-sidebar-layout":"default","disable-article-header":"default","disable-site-header":"default","disable-site-footer":"default","disable-content-area-spacing":"default","_jetpack_memberships_contains_paid_content":false,"footnotes":"","jetpack_publicize_message":"","jetpack_publicize_feature_enabled":true,"jetpack_social_post_already_shared":true,"jetpack_social_options":{"image_generator_settings":{"template":"highway","default_image_id":0,"font":"","enabled":false},"version":2}},"categories":[1],"tags":[],"class_list":["post-9214","post","type-post","status-publish","format-standard","hentry","category-uncategorized"],"jetpack_publicize_connections":[],"jetpack_featured_media_url":"","jetpack_sharing_enabled":true,"_links":{"self":[{"href":"https:\/\/987aldia.com\/web\/wp-json\/wp\/v2\/posts\/9214","targetHints":{"allow":["GET"]}}],"collection":[{"href":"https:\/\/987aldia.com\/web\/wp-json\/wp\/v2\/posts"}],"about":[{"href":"https:\/\/987aldia.com\/web\/wp-json\/wp\/v2\/types\/post"}],"author":[{"embeddable":true,"href":"https:\/\/987aldia.com\/web\/wp-json\/wp\/v2\/users\/1"}],"replies":[{"embeddable":true,"href":"https:\/\/987aldia.com\/web\/wp-json\/wp\/v2\/comments?post=9214"}],"version-history":[{"count":0,"href":"https:\/\/987aldia.com\/web\/wp-json\/wp\/v2\/posts\/9214\/revisions"}],"wp:attachment":[{"href":"https:\/\/987aldia.com\/web\/wp-json\/wp\/v2\/media?parent=9214"}],"wp:term":[{"taxonomy":"category","embeddable":true,"href":"https:\/\/987aldia.com\/web\/wp-json\/wp\/v2\/categories?post=9214"},{"taxonomy":"post_tag","embeddable":true,"href":"https:\/\/987aldia.com\/web\/wp-json\/wp\/v2\/tags?post=9214"}],"curies":[{"name":"wp","href":"https:\/\/api.w.org\/{rel}","templated":true}]}}