{"id":9217,"date":"2025-09-10T22:05:42","date_gmt":"2025-09-10T20:05:42","guid":{"rendered":"https:\/\/987aldia.com\/web\/el-documental-cicatrices-negras-de-daniel-cuellas-se-proyectara-este-viernes-en-el-msm\/"},"modified":"2025-09-10T22:05:42","modified_gmt":"2025-09-10T20:05:42","slug":"el-documental-cicatrices-negras-de-daniel-cuellas-se-proyectara-este-viernes-en-el-msm","status":"publish","type":"post","link":"https:\/\/987aldia.com\/web\/el-documental-cicatrices-negras-de-daniel-cuellas-se-proyectara-este-viernes-en-el-msm\/","title":{"rendered":"El documental &#8216;Cicatrices negras&#8217; de Daniel Cuellas se proyectar\u00e1 este viernes en el MSM"},"content":{"rendered":"<p>El reconocido festival de cine independiente MSM sorprendi\u00f3 a los espectadores este viernes al proyectar el impactante documental \u00abCicatrices negras\u00bb, dirigido por el talentoso cineasta Daniel Cuellas. La obra cinematogr\u00e1fica, que aborda tem\u00e1ticas sociales y pol\u00edticas profundas, logr\u00f3 captar la atenci\u00f3n de los asistentes con su enfoque cr\u00edtico y su potente mensaje.<\/p>\n<p>La proyecci\u00f3n de \u00abCicatrices negras\u00bb en el marco del festival MSM gener\u00f3 un debate enriquecedor entre los cin\u00e9filos y cr\u00edticos presentes, quienes elogiaron la valent\u00eda del director al abordar temas controvertidos y actuales. La calidad est\u00e9tica y narrativa del documental tambi\u00e9n recibi\u00f3 elogios, destacando la habilidad de Cuellas para transmitir emociones y provocar reflexiones en la audiencia.<\/p>\n<p>Con esta proyecci\u00f3n, el festival MSM contin\u00faa consolidando su reputaci\u00f3n como un espacio de encuentro para el cine alternativo y comprometido con la realidad social. La inclusi\u00f3n de \u00abCicatrices negras\u00bb en la programaci\u00f3n demuestra la apuesta del festival por promover obras cinematogr\u00e1ficas que desaf\u00eden al espectador y lo inviten a cuestionar el statu quo.<\/p>\n<p>Sin duda, la proyecci\u00f3n de este documental ha dejado una huella imborrable en el p\u00fablico asistente, quienes salieron de la sala de cine con la mente abierta y el coraz\u00f3n conmovido por la potencia de las \u00abCicatrices negras\u00bb plasmadas en la pantalla.<\/p>\n","protected":false},"excerpt":{"rendered":"<p>El reconocido festival de cine independiente MSM sorprendi\u00f3 a los espectadores este viernes al proyectar el impactante documental \u00abCicatrices negras\u00bb, dirigido por el talentoso cineasta Daniel Cuellas. La obra cinematogr\u00e1fica, que aborda tem\u00e1ticas sociales y pol\u00edticas profundas, logr\u00f3 captar la atenci\u00f3n de los asistentes con su enfoque cr\u00edtico y su potente mensaje. La proyecci\u00f3n de [&hellip;]<\/p>\n","protected":false},"author":1,"featured_media":9218,"comment_status":"open","ping_status":"closed","sticky":false,"template":"","format":"standard","meta":{"_monsterinsights_skip_tracking":false,"_monsterinsights_sitenote_active":false,"_monsterinsights_sitenote_note":"","_monsterinsights_sitenote_category":0,"site-container-style":"default","site-container-layout":"default","site-sidebar-layout":"default","disable-article-header":"default","disable-site-header":"default","disable-site-footer":"default","disable-content-area-spacing":"default","_jetpack_memberships_contains_paid_content":false,"footnotes":"","jetpack_publicize_message":"","jetpack_publicize_feature_enabled":true,"jetpack_social_post_already_shared":true,"jetpack_social_options":{"image_generator_settings":{"template":"highway","default_image_id":0,"font":"","enabled":false},"version":2}},"categories":[1],"tags":[],"class_list":["post-9217","post","type-post","status-publish","format-standard","has-post-thumbnail","hentry","category-uncategorized"],"jetpack_publicize_connections":[],"jetpack_featured_media_url":"https:\/\/987aldia.com\/web\/wp-content\/uploads\/2025\/09\/openai-image-1757534742.png","jetpack_sharing_enabled":true,"_links":{"self":[{"href":"https:\/\/987aldia.com\/web\/wp-json\/wp\/v2\/posts\/9217","targetHints":{"allow":["GET"]}}],"collection":[{"href":"https:\/\/987aldia.com\/web\/wp-json\/wp\/v2\/posts"}],"about":[{"href":"https:\/\/987aldia.com\/web\/wp-json\/wp\/v2\/types\/post"}],"author":[{"embeddable":true,"href":"https:\/\/987aldia.com\/web\/wp-json\/wp\/v2\/users\/1"}],"replies":[{"embeddable":true,"href":"https:\/\/987aldia.com\/web\/wp-json\/wp\/v2\/comments?post=9217"}],"version-history":[{"count":0,"href":"https:\/\/987aldia.com\/web\/wp-json\/wp\/v2\/posts\/9217\/revisions"}],"wp:featuredmedia":[{"embeddable":true,"href":"https:\/\/987aldia.com\/web\/wp-json\/wp\/v2\/media\/9218"}],"wp:attachment":[{"href":"https:\/\/987aldia.com\/web\/wp-json\/wp\/v2\/media?parent=9217"}],"wp:term":[{"taxonomy":"category","embeddable":true,"href":"https:\/\/987aldia.com\/web\/wp-json\/wp\/v2\/categories?post=9217"},{"taxonomy":"post_tag","embeddable":true,"href":"https:\/\/987aldia.com\/web\/wp-json\/wp\/v2\/tags?post=9217"}],"curies":[{"name":"wp","href":"https:\/\/api.w.org\/{rel}","templated":true}]}}