{"id":9221,"date":"2025-09-11T02:06:51","date_gmt":"2025-09-11T00:06:51","guid":{"rendered":"https:\/\/987aldia.com\/web\/koldo-solicita-colaboracion-a-persona-cercana-a-armengol-para-impulsar-negocio-de-hidrocarburos-del-empresario-leones\/"},"modified":"2025-09-11T02:06:51","modified_gmt":"2025-09-11T00:06:51","slug":"koldo-solicita-colaboracion-a-persona-cercana-a-armengol-para-impulsar-negocio-de-hidrocarburos-del-empresario-leones","status":"publish","type":"post","link":"https:\/\/987aldia.com\/web\/koldo-solicita-colaboracion-a-persona-cercana-a-armengol-para-impulsar-negocio-de-hidrocarburos-del-empresario-leones\/","title":{"rendered":"Koldo solicita colaboraci\u00f3n a persona cercana a Armengol para impulsar negocio de hidrocarburos del empresario leon\u00e9s."},"content":{"rendered":"<p>En un nuevo giro inesperado en el caso de los hidrocarburos del empresario leon\u00e9s, Koldo, exasesor de \u00c1balos, se encuentra en el ojo del hurac\u00e1n al solicitar ayuda a la mano derecha de Armengol para favorecer la trama. Seg\u00fan fuentes cercanas a la investigaci\u00f3n, Koldo habr\u00eda mantenido reuniones con Marc Pons, actual miembro de las ejecutivas de Ferraz y del PSIB, para tratar la licencia de Villafuel. En ese entonces, Pons se desempe\u00f1aba como jefe de gabinete de Teresa Ribera, a\u00f1adiendo m\u00e1s complejidad al entramado de intereses en torno a este controvertido caso. La trama de los hidrocarburos parece adquirir cada vez m\u00e1s matices y conexiones pol\u00edticas, generando preocupaci\u00f3n y cuestionamientos sobre la transparencia en la toma de decisiones en asuntos tan delicados como el medio ambiente y la econom\u00eda.<\/p>\n","protected":false},"excerpt":{"rendered":"<p>En un nuevo giro inesperado en el caso de los hidrocarburos del empresario leon\u00e9s, Koldo, exasesor de \u00c1balos, se encuentra en el ojo del hurac\u00e1n al solicitar ayuda a la mano derecha de Armengol para favorecer la trama. Seg\u00fan fuentes cercanas a la investigaci\u00f3n, Koldo habr\u00eda mantenido reuniones con Marc Pons, actual miembro de las [&hellip;]<\/p>\n","protected":false},"author":1,"featured_media":9222,"comment_status":"open","ping_status":"closed","sticky":false,"template":"","format":"standard","meta":{"_monsterinsights_skip_tracking":false,"_monsterinsights_sitenote_active":false,"_monsterinsights_sitenote_note":"","_monsterinsights_sitenote_category":0,"site-container-style":"default","site-container-layout":"default","site-sidebar-layout":"default","disable-article-header":"default","disable-site-header":"default","disable-site-footer":"default","disable-content-area-spacing":"default","_jetpack_memberships_contains_paid_content":false,"footnotes":"","jetpack_publicize_message":"","jetpack_publicize_feature_enabled":true,"jetpack_social_post_already_shared":true,"jetpack_social_options":{"image_generator_settings":{"template":"highway","default_image_id":0,"font":"","enabled":false},"version":2}},"categories":[1],"tags":[],"class_list":["post-9221","post","type-post","status-publish","format-standard","has-post-thumbnail","hentry","category-uncategorized"],"jetpack_publicize_connections":[],"jetpack_featured_media_url":"https:\/\/987aldia.com\/web\/wp-content\/uploads\/2025\/09\/openai-image-1757549211.png","jetpack_sharing_enabled":true,"_links":{"self":[{"href":"https:\/\/987aldia.com\/web\/wp-json\/wp\/v2\/posts\/9221","targetHints":{"allow":["GET"]}}],"collection":[{"href":"https:\/\/987aldia.com\/web\/wp-json\/wp\/v2\/posts"}],"about":[{"href":"https:\/\/987aldia.com\/web\/wp-json\/wp\/v2\/types\/post"}],"author":[{"embeddable":true,"href":"https:\/\/987aldia.com\/web\/wp-json\/wp\/v2\/users\/1"}],"replies":[{"embeddable":true,"href":"https:\/\/987aldia.com\/web\/wp-json\/wp\/v2\/comments?post=9221"}],"version-history":[{"count":0,"href":"https:\/\/987aldia.com\/web\/wp-json\/wp\/v2\/posts\/9221\/revisions"}],"wp:featuredmedia":[{"embeddable":true,"href":"https:\/\/987aldia.com\/web\/wp-json\/wp\/v2\/media\/9222"}],"wp:attachment":[{"href":"https:\/\/987aldia.com\/web\/wp-json\/wp\/v2\/media?parent=9221"}],"wp:term":[{"taxonomy":"category","embeddable":true,"href":"https:\/\/987aldia.com\/web\/wp-json\/wp\/v2\/categories?post=9221"},{"taxonomy":"post_tag","embeddable":true,"href":"https:\/\/987aldia.com\/web\/wp-json\/wp\/v2\/tags?post=9221"}],"curies":[{"name":"wp","href":"https:\/\/api.w.org\/{rel}","templated":true}]}}