{"id":9225,"date":"2025-09-11T06:05:40","date_gmt":"2025-09-11T04:05:40","guid":{"rendered":"https:\/\/987aldia.com\/web\/educacion-apoya-la-solicitud-de-monitores-por-cambios-en-horario-escolar-este-mes\/"},"modified":"2025-09-11T06:05:40","modified_gmt":"2025-09-11T04:05:40","slug":"educacion-apoya-la-solicitud-de-monitores-por-cambios-en-horario-escolar-este-mes","status":"publish","type":"post","link":"https:\/\/987aldia.com\/web\/educacion-apoya-la-solicitud-de-monitores-por-cambios-en-horario-escolar-este-mes\/","title":{"rendered":"Educaci\u00f3n apoya la solicitud de monitores por cambios en horario escolar este mes"},"content":{"rendered":"<p>El Ministerio de Educaci\u00f3n ha emitido un comunicado en el que respalda la decisi\u00f3n de incorporar monitores para cubrir el horario escolar durante este mes. Ante la necesidad de garantizar la supervisi\u00f3n y el cuidado de los estudiantes en horarios extendidos, se ha autorizado la contrataci\u00f3n de monitores que estar\u00e1n presentes en las instalaciones educativas.<\/p>\n<p>Esta medida surge como respuesta a la demanda de padres y docentes que han manifestado preocupaci\u00f3n por la falta de personal en los centros educativos, especialmente en un mes en el que se presentan situaciones excepcionales que requieren una atenci\u00f3n especial.<\/p>\n<p>Los monitores contratados cumplir\u00e1n funciones de apoyo y vigilancia, contribuyendo as\u00ed a mantener un entorno seguro y propicio para el desarrollo acad\u00e9mico y personal de los alumnos. Esta iniciativa ha sido bien recibida por la comunidad educativa, que valora el compromiso del Ministerio de Educaci\u00f3n con la calidad y la continuidad de la educaci\u00f3n de los estudiantes.<\/p>\n","protected":false},"excerpt":{"rendered":"<p>El Ministerio de Educaci\u00f3n ha emitido un comunicado en el que respalda la decisi\u00f3n de incorporar monitores para cubrir el horario escolar durante este mes. Ante la necesidad de garantizar la supervisi\u00f3n y el cuidado de los estudiantes en horarios extendidos, se ha autorizado la contrataci\u00f3n de monitores que estar\u00e1n presentes en las instalaciones educativas. [&hellip;]<\/p>\n","protected":false},"author":1,"featured_media":9226,"comment_status":"open","ping_status":"closed","sticky":false,"template":"","format":"standard","meta":{"_monsterinsights_skip_tracking":false,"_monsterinsights_sitenote_active":false,"_monsterinsights_sitenote_note":"","_monsterinsights_sitenote_category":0,"site-container-style":"default","site-container-layout":"default","site-sidebar-layout":"default","disable-article-header":"default","disable-site-header":"default","disable-site-footer":"default","disable-content-area-spacing":"default","_jetpack_memberships_contains_paid_content":false,"footnotes":"","jetpack_publicize_message":"","jetpack_publicize_feature_enabled":true,"jetpack_social_post_already_shared":true,"jetpack_social_options":{"image_generator_settings":{"template":"highway","default_image_id":0,"font":"","enabled":false},"version":2}},"categories":[1],"tags":[],"class_list":["post-9225","post","type-post","status-publish","format-standard","has-post-thumbnail","hentry","category-uncategorized"],"jetpack_publicize_connections":[],"jetpack_featured_media_url":"https:\/\/987aldia.com\/web\/wp-content\/uploads\/2025\/09\/openai-image-1757563540.png","jetpack_sharing_enabled":true,"_links":{"self":[{"href":"https:\/\/987aldia.com\/web\/wp-json\/wp\/v2\/posts\/9225","targetHints":{"allow":["GET"]}}],"collection":[{"href":"https:\/\/987aldia.com\/web\/wp-json\/wp\/v2\/posts"}],"about":[{"href":"https:\/\/987aldia.com\/web\/wp-json\/wp\/v2\/types\/post"}],"author":[{"embeddable":true,"href":"https:\/\/987aldia.com\/web\/wp-json\/wp\/v2\/users\/1"}],"replies":[{"embeddable":true,"href":"https:\/\/987aldia.com\/web\/wp-json\/wp\/v2\/comments?post=9225"}],"version-history":[{"count":0,"href":"https:\/\/987aldia.com\/web\/wp-json\/wp\/v2\/posts\/9225\/revisions"}],"wp:featuredmedia":[{"embeddable":true,"href":"https:\/\/987aldia.com\/web\/wp-json\/wp\/v2\/media\/9226"}],"wp:attachment":[{"href":"https:\/\/987aldia.com\/web\/wp-json\/wp\/v2\/media?parent=9225"}],"wp:term":[{"taxonomy":"category","embeddable":true,"href":"https:\/\/987aldia.com\/web\/wp-json\/wp\/v2\/categories?post=9225"},{"taxonomy":"post_tag","embeddable":true,"href":"https:\/\/987aldia.com\/web\/wp-json\/wp\/v2\/tags?post=9225"}],"curies":[{"name":"wp","href":"https:\/\/api.w.org\/{rel}","templated":true}]}}