{"id":9235,"date":"2025-09-11T12:05:47","date_gmt":"2025-09-11T10:05:47","guid":{"rendered":"https:\/\/987aldia.com\/web\/piden-autonomia-para-la-region-leonesa-a-traves-de-la-plataforma-change-org-con-el-manifiesto-porque-leon-nos-necesita\/"},"modified":"2025-09-11T12:05:47","modified_gmt":"2025-09-11T10:05:47","slug":"piden-autonomia-para-la-region-leonesa-a-traves-de-la-plataforma-change-org-con-el-manifiesto-porque-leon-nos-necesita","status":"publish","type":"post","link":"https:\/\/987aldia.com\/web\/piden-autonomia-para-la-region-leonesa-a-traves-de-la-plataforma-change-org-con-el-manifiesto-porque-leon-nos-necesita\/","title":{"rendered":"\u00abPiden autonom\u00eda para la Regi\u00f3n Leonesa a trav\u00e9s de la plataforma Change.org con el manifiesto &#8216;Porque Le\u00f3n nos necesita'\u00bb"},"content":{"rendered":"<p>Un grupo de ciudadanos leoneses ha lanzado un manifiesto titulado &#8216;Porque Le\u00f3n nos necesita&#8217; a trav\u00e9s de la plataforma Change.org, en el que piden la autonom\u00eda de la Regi\u00f3n Leonesa. En este documento, se denuncia el trato desigual que, seg\u00fan ellos, recibe la provincia de Le\u00f3n dentro de la comunidad aut\u00f3noma de Castilla y Le\u00f3n.<\/p>\n<p>El manifiesto ha logrado captar la atenci\u00f3n de numerosos habitantes de la regi\u00f3n, quienes comparten la preocupaci\u00f3n por la situaci\u00f3n actual y la necesidad de una mayor autonom\u00eda para Le\u00f3n. La campa\u00f1a ha generado un debate dentro de la comunidad, con opiniones encontradas sobre la viabilidad y conveniencia de esta propuesta.<\/p>\n<p>Por un lado, hay quienes consideran que la autonom\u00eda de la Regi\u00f3n Leonesa podr\u00eda suponer una mejora en la gesti\u00f3n de los recursos y en el desarrollo de la provincia, permitiendo una mayor atenci\u00f3n a las necesidades y demandas espec\u00edficas de la zona. Por otro lado, existen voces cr\u00edticas que cuestionan la viabilidad econ\u00f3mica y pol\u00edtica de esta propuesta, as\u00ed como sus posibles implicaciones a nivel regional y nacional.<\/p>\n<p>En medio de este debate, el manifiesto &#8216;Porque Le\u00f3n nos necesita&#8217; contin\u00faa recogiendo firmas en Change.org y generando un intercambio de opiniones entre los ciudadanos. La reivindicaci\u00f3n de una mayor autonom\u00eda para Le\u00f3n se presenta como un tema de inter\u00e9s y relevancia en la agenda p\u00fablica, que plantea importantes cuestiones sobre la diversidad y la autonom\u00eda de las distintas regiones dentro de Espa\u00f1a.<\/p>\n","protected":false},"excerpt":{"rendered":"<p>Un grupo de ciudadanos leoneses ha lanzado un manifiesto titulado &#8216;Porque Le\u00f3n nos necesita&#8217; a trav\u00e9s de la plataforma Change.org, en el que piden la autonom\u00eda de la Regi\u00f3n Leonesa. En este documento, se denuncia el trato desigual que, seg\u00fan ellos, recibe la provincia de Le\u00f3n dentro de la comunidad aut\u00f3noma de Castilla y Le\u00f3n. [&hellip;]<\/p>\n","protected":false},"author":1,"featured_media":9236,"comment_status":"open","ping_status":"closed","sticky":false,"template":"","format":"standard","meta":{"_monsterinsights_skip_tracking":false,"_monsterinsights_sitenote_active":false,"_monsterinsights_sitenote_note":"","_monsterinsights_sitenote_category":0,"site-container-style":"default","site-container-layout":"default","site-sidebar-layout":"default","disable-article-header":"default","disable-site-header":"default","disable-site-footer":"default","disable-content-area-spacing":"default","_jetpack_memberships_contains_paid_content":false,"footnotes":"","jetpack_publicize_message":"","jetpack_publicize_feature_enabled":true,"jetpack_social_post_already_shared":true,"jetpack_social_options":{"image_generator_settings":{"template":"highway","default_image_id":0,"font":"","enabled":false},"version":2}},"categories":[1],"tags":[],"class_list":["post-9235","post","type-post","status-publish","format-standard","has-post-thumbnail","hentry","category-uncategorized"],"jetpack_publicize_connections":[],"jetpack_featured_media_url":"https:\/\/987aldia.com\/web\/wp-content\/uploads\/2025\/09\/openai-image-1757585147.png","jetpack_sharing_enabled":true,"_links":{"self":[{"href":"https:\/\/987aldia.com\/web\/wp-json\/wp\/v2\/posts\/9235","targetHints":{"allow":["GET"]}}],"collection":[{"href":"https:\/\/987aldia.com\/web\/wp-json\/wp\/v2\/posts"}],"about":[{"href":"https:\/\/987aldia.com\/web\/wp-json\/wp\/v2\/types\/post"}],"author":[{"embeddable":true,"href":"https:\/\/987aldia.com\/web\/wp-json\/wp\/v2\/users\/1"}],"replies":[{"embeddable":true,"href":"https:\/\/987aldia.com\/web\/wp-json\/wp\/v2\/comments?post=9235"}],"version-history":[{"count":0,"href":"https:\/\/987aldia.com\/web\/wp-json\/wp\/v2\/posts\/9235\/revisions"}],"wp:featuredmedia":[{"embeddable":true,"href":"https:\/\/987aldia.com\/web\/wp-json\/wp\/v2\/media\/9236"}],"wp:attachment":[{"href":"https:\/\/987aldia.com\/web\/wp-json\/wp\/v2\/media?parent=9235"}],"wp:term":[{"taxonomy":"category","embeddable":true,"href":"https:\/\/987aldia.com\/web\/wp-json\/wp\/v2\/categories?post=9235"},{"taxonomy":"post_tag","embeddable":true,"href":"https:\/\/987aldia.com\/web\/wp-json\/wp\/v2\/tags?post=9235"}],"curies":[{"name":"wp","href":"https:\/\/api.w.org\/{rel}","templated":true}]}}