{"id":9245,"date":"2025-09-11T17:22:40","date_gmt":"2025-09-11T15:22:40","guid":{"rendered":"https:\/\/987aldia.com\/web\/la-feria-de-las-rebajas-llega-a-ponferrada-con-descuentos-de-hasta-el-70\/"},"modified":"2025-09-11T17:22:40","modified_gmt":"2025-09-11T15:22:40","slug":"la-feria-de-las-rebajas-llega-a-ponferrada-con-descuentos-de-hasta-el-70","status":"publish","type":"post","link":"https:\/\/987aldia.com\/web\/la-feria-de-las-rebajas-llega-a-ponferrada-con-descuentos-de-hasta-el-70\/","title":{"rendered":"La Feria de las Rebajas llega a Ponferrada con descuentos de hasta el 70%"},"content":{"rendered":"<p>El Museo del Ferrocarril de Ponferrada se transformar\u00e1 en un gran escaparate comercial los d\u00edas 12, 13 y 14 de septiembre, con motivo de la Feria de las Rebajas. Este evento, organizado por la Asociaci\u00f3n de Comerciantes Templarium en colaboraci\u00f3n con el Ayuntamiento de Ponferrada, reunir\u00e1 a 25 establecimientos locales que ofrecer\u00e1n sus \u00faltimas colecciones de primavera-verano con descuentos de hasta el 70%.La feria, presentada ayer en el Museo del Ferrocarril, contar\u00e1 con una amplia variedad de productos, desde moda y calzado hasta \u00f3ptica, marroquiner\u00eda y moda infantil. Los visitantes podr\u00e1n disfrutar de un entorno emblem\u00e1tico de la ciudad mientras aprovechan las oportunidades de compra.Adem\u00e1s de las ofertas comerciales, la feria repartir\u00e1 1.000 euros en premios en forma de cheques regalo, que podr\u00e1n canjearse en los propios stands participantes. La experiencia se completar\u00e1 con una atractiva oferta gastron\u00f3mica en la zona de hosteler\u00eda, que incluir\u00e1 el tradicional pulpeiro gallego, una cerveza artesana de Molinaseca y una pasteler\u00eda local.El concejal de Comercio, David Pacios, record\u00f3 que la feria estaba prevista inicialmente para finales de agosto, pero se decidi\u00f3 posponerla debido a la complicada situaci\u00f3n generada por los incendios en la comarca. Pacios estuvo acompa\u00f1ado en la presentaci\u00f3n del tambi\u00e9n edil Luis Antonio Moreno.Con esta cita, Templarium y el Ayuntamiento buscan dinamizar el comercio de proximidad, ofrecer al p\u00fablico productos de calidad a precios competitivos y reforzar la identidad de Ponferrada como un referente comercial en el Bierzo. Este evento no solo impacta a nivel local, sino que tambi\u00e9n posiciona a Ponferrada como un punto clave en el mapa comercial de Castilla y Le\u00f3n.En el futuro, se espera que la Feria de las Rebajas contin\u00fae siendo un evento anual que atraiga tanto a residentes como a visitantes de otras provincias, consolidando a Ponferrada como un destino de compras destacado en la regi\u00f3n.<\/p>\n","protected":false},"excerpt":{"rendered":"<p>El Museo del Ferrocarril acoge el evento del 12 al 14 de septiembre, organizado por Templarium y el Ayuntamiento<\/p>\n","protected":false},"author":1,"featured_media":9246,"comment_status":"open","ping_status":"closed","sticky":false,"template":"","format":"standard","meta":{"_monsterinsights_skip_tracking":false,"_monsterinsights_sitenote_active":false,"_monsterinsights_sitenote_note":"","_monsterinsights_sitenote_category":0,"site-container-style":"default","site-container-layout":"default","site-sidebar-layout":"default","disable-article-header":"default","disable-site-header":"default","disable-site-footer":"default","disable-content-area-spacing":"default","_jetpack_memberships_contains_paid_content":false,"footnotes":"","jetpack_publicize_message":"","jetpack_publicize_feature_enabled":true,"jetpack_social_post_already_shared":true,"jetpack_social_options":{"image_generator_settings":{"template":"highway","default_image_id":0,"font":"","enabled":false},"version":2}},"categories":[1],"tags":[],"class_list":["post-9245","post","type-post","status-publish","format-standard","has-post-thumbnail","hentry","category-uncategorized"],"jetpack_publicize_connections":[],"jetpack_featured_media_url":"https:\/\/987aldia.com\/web\/wp-content\/uploads\/2025\/09\/especialidad_image_20250911_151541_p0yoMD.png","jetpack_sharing_enabled":true,"_links":{"self":[{"href":"https:\/\/987aldia.com\/web\/wp-json\/wp\/v2\/posts\/9245","targetHints":{"allow":["GET"]}}],"collection":[{"href":"https:\/\/987aldia.com\/web\/wp-json\/wp\/v2\/posts"}],"about":[{"href":"https:\/\/987aldia.com\/web\/wp-json\/wp\/v2\/types\/post"}],"author":[{"embeddable":true,"href":"https:\/\/987aldia.com\/web\/wp-json\/wp\/v2\/users\/1"}],"replies":[{"embeddable":true,"href":"https:\/\/987aldia.com\/web\/wp-json\/wp\/v2\/comments?post=9245"}],"version-history":[{"count":0,"href":"https:\/\/987aldia.com\/web\/wp-json\/wp\/v2\/posts\/9245\/revisions"}],"wp:featuredmedia":[{"embeddable":true,"href":"https:\/\/987aldia.com\/web\/wp-json\/wp\/v2\/media\/9246"}],"wp:attachment":[{"href":"https:\/\/987aldia.com\/web\/wp-json\/wp\/v2\/media?parent=9245"}],"wp:term":[{"taxonomy":"category","embeddable":true,"href":"https:\/\/987aldia.com\/web\/wp-json\/wp\/v2\/categories?post=9245"},{"taxonomy":"post_tag","embeddable":true,"href":"https:\/\/987aldia.com\/web\/wp-json\/wp\/v2\/tags?post=9245"}],"curies":[{"name":"wp","href":"https:\/\/api.w.org\/{rel}","templated":true}]}}