{"id":9247,"date":"2025-09-11T17:36:39","date_gmt":"2025-09-11T15:36:39","guid":{"rendered":"https:\/\/987aldia.com\/web\/oville-se-moviliza-contra-la-reapertura-de-una-cantera-de-silice-cerrada-hace-40-anos\/"},"modified":"2025-09-11T17:36:39","modified_gmt":"2025-09-11T15:36:39","slug":"oville-se-moviliza-contra-la-reapertura-de-una-cantera-de-silice-cerrada-hace-40-anos","status":"publish","type":"post","link":"https:\/\/987aldia.com\/web\/oville-se-moviliza-contra-la-reapertura-de-una-cantera-de-silice-cerrada-hace-40-anos\/","title":{"rendered":"Oville se moviliza contra la reapertura de una cantera de s\u00edlice cerrada hace 40 a\u00f1os"},"content":{"rendered":"<p>La Plataforma Oville Monta\u00f1a Limpia ha organizado unas jornadas medioambientales los d\u00edas 8 y 9 de agosto en el municipio leon\u00e9s de Bo\u00f1ar, con el objetivo de movilizar a la ciudadan\u00eda en contra de la reapertura de una cantera de s\u00edlice que lleva cerrada m\u00e1s de 40 a\u00f1os. La preocupaci\u00f3n principal del colectivo es el impacto ambiental que podr\u00eda causar la construcci\u00f3n de una pista de m\u00e1s de cinco kil\u00f3metros, considerada un desastre medioambiental y paisaj\u00edstico sin precedentes.Hace dos d\u00e9cadas, las m\u00e1quinas dejaron de operar en esta zona, pero ahora las empresas Minerales y S\u00edlices del Norte SL y S\u00edlice Dust SL han decidido reactivar la producci\u00f3n, lo que ha generado una fuerte oposici\u00f3n local. La Plataforma Oville Monta\u00f1a Limpia, que lidera la protesta, ha organizado una serie de actividades para concienciar a la poblaci\u00f3n sobre los riesgos ambientales asociados a este proyecto.Las actividades se llevar\u00e1n a cabo en La Era del Moro e incluir\u00e1n la proyecci\u00f3n del documental &#8216;Patrimonio&#8217; de Bocho Producciones el viernes 8 de agosto. El s\u00e1bado 9, el bi\u00f3logo Ezequiel Mart\u00ednez guiar\u00e1 un avistamiento de aves, seguido de una paella popular a las 14:30 horas. M\u00e1s tarde, a las 18:30, el bi\u00f3logo Javier Castrovi\u00f1olo ofrecer\u00e1 una charla sobre el impacto ambiental de la cantera.El municipio de Bo\u00f1ar, en la provincia de Le\u00f3n, se encuentra en el centro de esta controversia, con los residentes preocupados por el da\u00f1o que la reapertura de la cantera podr\u00eda causar al entorno natural. La regi\u00f3n de Castilla y Le\u00f3n ha sido testigo de varios debates similares en el pasado, donde el desarrollo econ\u00f3mico y la conservaci\u00f3n ambiental han estado en conflicto.Las autoridades locales a\u00fan no han emitido una declaraci\u00f3n oficial sobre el proyecto, pero la presi\u00f3n de la comunidad y la atenci\u00f3n medi\u00e1tica podr\u00edan influir en futuras decisiones. La Plataforma Oville Monta\u00f1a Limpia espera que estas jornadas sirvan para aumentar la conciencia p\u00fablica y detener el proyecto antes de que comience.En el futuro, se espera que la movilizaci\u00f3n ciudadana contin\u00fae, con m\u00e1s eventos planeados para mantener la presi\u00f3n sobre las autoridades y las empresas involucradas. La comunidad de Bo\u00f1ar y sus alrededores est\u00e1n decididas a proteger su patrimonio natural y evitar los posibles efectos negativos de la reapertura de la cantera.<\/p>\n","protected":false},"excerpt":{"rendered":"<p>La Plataforma Oville Monta\u00f1a Limpia subraya que la pista de cinco kil\u00f3metros prevista provocar\u00eda &#8216;un desastre medioambiental y paisaj\u00edstico sin precedente&#8217; y presenta unas jornadas medioambientales el 8 y 9 de agosto.<\/p>\n","protected":false},"author":1,"featured_media":9248,"comment_status":"open","ping_status":"closed","sticky":false,"template":"","format":"standard","meta":{"_monsterinsights_skip_tracking":false,"_monsterinsights_sitenote_active":false,"_monsterinsights_sitenote_note":"","_monsterinsights_sitenote_category":0,"site-container-style":"default","site-container-layout":"default","site-sidebar-layout":"default","disable-article-header":"default","disable-site-header":"default","disable-site-footer":"default","disable-content-area-spacing":"default","_jetpack_memberships_contains_paid_content":false,"footnotes":"","jetpack_publicize_message":"","jetpack_publicize_feature_enabled":true,"jetpack_social_post_already_shared":true,"jetpack_social_options":{"image_generator_settings":{"template":"highway","default_image_id":0,"font":"","enabled":false},"version":2}},"categories":[1],"tags":[],"class_list":["post-9247","post","type-post","status-publish","format-standard","has-post-thumbnail","hentry","category-uncategorized"],"jetpack_publicize_connections":[],"jetpack_featured_media_url":"https:\/\/987aldia.com\/web\/wp-content\/uploads\/2025\/09\/especialidad_image_20250911_152704_QKzydA.png","jetpack_sharing_enabled":true,"_links":{"self":[{"href":"https:\/\/987aldia.com\/web\/wp-json\/wp\/v2\/posts\/9247","targetHints":{"allow":["GET"]}}],"collection":[{"href":"https:\/\/987aldia.com\/web\/wp-json\/wp\/v2\/posts"}],"about":[{"href":"https:\/\/987aldia.com\/web\/wp-json\/wp\/v2\/types\/post"}],"author":[{"embeddable":true,"href":"https:\/\/987aldia.com\/web\/wp-json\/wp\/v2\/users\/1"}],"replies":[{"embeddable":true,"href":"https:\/\/987aldia.com\/web\/wp-json\/wp\/v2\/comments?post=9247"}],"version-history":[{"count":0,"href":"https:\/\/987aldia.com\/web\/wp-json\/wp\/v2\/posts\/9247\/revisions"}],"wp:featuredmedia":[{"embeddable":true,"href":"https:\/\/987aldia.com\/web\/wp-json\/wp\/v2\/media\/9248"}],"wp:attachment":[{"href":"https:\/\/987aldia.com\/web\/wp-json\/wp\/v2\/media?parent=9247"}],"wp:term":[{"taxonomy":"category","embeddable":true,"href":"https:\/\/987aldia.com\/web\/wp-json\/wp\/v2\/categories?post=9247"},{"taxonomy":"post_tag","embeddable":true,"href":"https:\/\/987aldia.com\/web\/wp-json\/wp\/v2\/tags?post=9247"}],"curies":[{"name":"wp","href":"https:\/\/api.w.org\/{rel}","templated":true}]}}