{"id":9251,"date":"2025-09-11T20:07:16","date_gmt":"2025-09-11T18:07:16","guid":{"rendered":"https:\/\/987aldia.com\/web\/la-junta-de-leon-otorga-5-500-euros-a-mas-de-240-trabajadores-impactados-por-incendios\/"},"modified":"2025-09-11T20:07:16","modified_gmt":"2025-09-11T18:07:16","slug":"la-junta-de-leon-otorga-5-500-euros-a-mas-de-240-trabajadores-impactados-por-incendios","status":"publish","type":"post","link":"https:\/\/987aldia.com\/web\/la-junta-de-leon-otorga-5-500-euros-a-mas-de-240-trabajadores-impactados-por-incendios\/","title":{"rendered":"La Junta de Le\u00f3n otorga 5.500 euros a m\u00e1s de 240 trabajadores impactados por incendios."},"content":{"rendered":"<p>En un gesto de solidaridad y apoyo a los afectados por los incendios en la provincia de Le\u00f3n, la Junta de Castilla y Le\u00f3n ha anunciado la concesi\u00f3n de una ayuda econ\u00f3mica de 5.500 euros para m\u00e1s de 240 trabajadores perjudicados por las devastadoras llamas. Esta medida, revelada por el viceconsejero de Pol\u00edtica Agraria Comunitaria y Desarrollo Rural, Jorge Llorente, busca brindar un alivio a los damnificados y contribuir a la reconstrucci\u00f3n de las zonas afectadas.<\/p>\n<p>Los incendios forestales han dejado a su paso una estela de destrucci\u00f3n y desolaci\u00f3n en la regi\u00f3n, afectando no solo a la flora y fauna, sino tambi\u00e9n a las personas que dependen de la tierra para su sustento. La r\u00e1pida respuesta de las autoridades regionales en la implementaci\u00f3n de esta ayuda econ\u00f3mica demuestra un compromiso real con la comunidad y una voluntad de mitigar los impactos negativos de esta tragedia.<\/p>\n<p>Los beneficiarios de esta subvenci\u00f3n podr\u00e1n contar con un respaldo financiero que les permitir\u00e1 hacer frente a los da\u00f1os sufridos y comenzar a reconstruir sus vidas y medios de subsistencia. La solidaridad y la acci\u00f3n r\u00e1pida en momentos de crisis son fundamentales para la recuperaci\u00f3n de las comunidades afectadas, y en este sentido, la Junta de Castilla y Le\u00f3n ha dado un paso importante en la direcci\u00f3n correcta.<\/p>\n","protected":false},"excerpt":{"rendered":"<p>En un gesto de solidaridad y apoyo a los afectados por los incendios en la provincia de Le\u00f3n, la Junta de Castilla y Le\u00f3n ha anunciado la concesi\u00f3n de una ayuda econ\u00f3mica de 5.500 euros para m\u00e1s de 240 trabajadores perjudicados por las devastadoras llamas. Esta medida, revelada por el viceconsejero de Pol\u00edtica Agraria Comunitaria [&hellip;]<\/p>\n","protected":false},"author":1,"featured_media":9252,"comment_status":"open","ping_status":"closed","sticky":false,"template":"","format":"standard","meta":{"_monsterinsights_skip_tracking":false,"_monsterinsights_sitenote_active":false,"_monsterinsights_sitenote_note":"","_monsterinsights_sitenote_category":0,"site-container-style":"default","site-container-layout":"default","site-sidebar-layout":"default","disable-article-header":"default","disable-site-header":"default","disable-site-footer":"default","disable-content-area-spacing":"default","_jetpack_memberships_contains_paid_content":false,"footnotes":"","jetpack_publicize_message":"","jetpack_publicize_feature_enabled":true,"jetpack_social_post_already_shared":true,"jetpack_social_options":{"image_generator_settings":{"template":"highway","default_image_id":0,"font":"","enabled":false},"version":2}},"categories":[1],"tags":[],"class_list":["post-9251","post","type-post","status-publish","format-standard","has-post-thumbnail","hentry","category-uncategorized"],"jetpack_publicize_connections":[],"jetpack_featured_media_url":"https:\/\/987aldia.com\/web\/wp-content\/uploads\/2025\/09\/openai-image-1757614036.png","jetpack_sharing_enabled":true,"_links":{"self":[{"href":"https:\/\/987aldia.com\/web\/wp-json\/wp\/v2\/posts\/9251","targetHints":{"allow":["GET"]}}],"collection":[{"href":"https:\/\/987aldia.com\/web\/wp-json\/wp\/v2\/posts"}],"about":[{"href":"https:\/\/987aldia.com\/web\/wp-json\/wp\/v2\/types\/post"}],"author":[{"embeddable":true,"href":"https:\/\/987aldia.com\/web\/wp-json\/wp\/v2\/users\/1"}],"replies":[{"embeddable":true,"href":"https:\/\/987aldia.com\/web\/wp-json\/wp\/v2\/comments?post=9251"}],"version-history":[{"count":0,"href":"https:\/\/987aldia.com\/web\/wp-json\/wp\/v2\/posts\/9251\/revisions"}],"wp:featuredmedia":[{"embeddable":true,"href":"https:\/\/987aldia.com\/web\/wp-json\/wp\/v2\/media\/9252"}],"wp:attachment":[{"href":"https:\/\/987aldia.com\/web\/wp-json\/wp\/v2\/media?parent=9251"}],"wp:term":[{"taxonomy":"category","embeddable":true,"href":"https:\/\/987aldia.com\/web\/wp-json\/wp\/v2\/categories?post=9251"},{"taxonomy":"post_tag","embeddable":true,"href":"https:\/\/987aldia.com\/web\/wp-json\/wp\/v2\/tags?post=9251"}],"curies":[{"name":"wp","href":"https:\/\/api.w.org\/{rel}","templated":true}]}}