{"id":9253,"date":"2025-09-11T22:06:24","date_gmt":"2025-09-11T20:06:24","guid":{"rendered":"https:\/\/987aldia.com\/web\/cambios-en-la-edad-de-jubilacion-para-empleados-del-sector-publico\/"},"modified":"2025-09-11T22:06:24","modified_gmt":"2025-09-11T20:06:24","slug":"cambios-en-la-edad-de-jubilacion-para-empleados-del-sector-publico","status":"publish","type":"post","link":"https:\/\/987aldia.com\/web\/cambios-en-la-edad-de-jubilacion-para-empleados-del-sector-publico\/","title":{"rendered":"Cambios en la edad de jubilaci\u00f3n para empleados del sector p\u00fablico."},"content":{"rendered":"<p>En medio de la incertidumbre econ\u00f3mica que atraviesa el pa\u00eds, los trabajadores p\u00fablicos se ven afectados por una nueva normativa de jubilaci\u00f3n que ha generado controversia. Esta medida, que ha sido implementada recientemente, ha mejorado las condiciones de los relevistas, quienes ahora deben ser contratados de forma indefinida.<\/p>\n<p>Esta decisi\u00f3n ha generado preocupaci\u00f3n entre los trabajadores p\u00fablicos, quienes temen por su futuro laboral y sus condiciones de jubilaci\u00f3n. Muchos se cuestionan si esta nueva norma les beneficiar\u00e1 o perjudicar\u00e1 a largo plazo, mientras que otros consideran que es un avance en t\u00e9rminos de estabilidad laboral para los relevistas.<\/p>\n<p>Ante esta situaci\u00f3n, varios sindicatos han manifestado su descontento y han pedido una revisi\u00f3n de la normativa, argumentando que no se han tenido en cuenta las condiciones y necesidades de los trabajadores p\u00fablicos. Por su parte, las autoridades han defendido la medida como un paso necesario para garantizar la sostenibilidad del sistema de jubilaci\u00f3n en el sector p\u00fablico.<\/p>\n<p>En este contexto de incertidumbre y debate, los trabajadores p\u00fablicos se mantienen atentos a las pr\u00f3ximas decisiones que se tomen en relaci\u00f3n a esta nueva norma de jubilaci\u00f3n, en medio de un escenario laboral cada vez m\u00e1s complejo y cambiante.<\/p>\n","protected":false},"excerpt":{"rendered":"<p>En medio de la incertidumbre econ\u00f3mica que atraviesa el pa\u00eds, los trabajadores p\u00fablicos se ven afectados por una nueva normativa de jubilaci\u00f3n que ha generado controversia. Esta medida, que ha sido implementada recientemente, ha mejorado las condiciones de los relevistas, quienes ahora deben ser contratados de forma indefinida. Esta decisi\u00f3n ha generado preocupaci\u00f3n entre los [&hellip;]<\/p>\n","protected":false},"author":1,"featured_media":9254,"comment_status":"open","ping_status":"closed","sticky":false,"template":"","format":"standard","meta":{"_monsterinsights_skip_tracking":false,"_monsterinsights_sitenote_active":false,"_monsterinsights_sitenote_note":"","_monsterinsights_sitenote_category":0,"site-container-style":"default","site-container-layout":"default","site-sidebar-layout":"default","disable-article-header":"default","disable-site-header":"default","disable-site-footer":"default","disable-content-area-spacing":"default","_jetpack_memberships_contains_paid_content":false,"footnotes":"","jetpack_publicize_message":"","jetpack_publicize_feature_enabled":true,"jetpack_social_post_already_shared":true,"jetpack_social_options":{"image_generator_settings":{"template":"highway","default_image_id":0,"font":"","enabled":false},"version":2}},"categories":[1],"tags":[],"class_list":["post-9253","post","type-post","status-publish","format-standard","has-post-thumbnail","hentry","category-uncategorized"],"jetpack_publicize_connections":[],"jetpack_featured_media_url":"https:\/\/987aldia.com\/web\/wp-content\/uploads\/2025\/09\/openai-image-1757621184.png","jetpack_sharing_enabled":true,"_links":{"self":[{"href":"https:\/\/987aldia.com\/web\/wp-json\/wp\/v2\/posts\/9253","targetHints":{"allow":["GET"]}}],"collection":[{"href":"https:\/\/987aldia.com\/web\/wp-json\/wp\/v2\/posts"}],"about":[{"href":"https:\/\/987aldia.com\/web\/wp-json\/wp\/v2\/types\/post"}],"author":[{"embeddable":true,"href":"https:\/\/987aldia.com\/web\/wp-json\/wp\/v2\/users\/1"}],"replies":[{"embeddable":true,"href":"https:\/\/987aldia.com\/web\/wp-json\/wp\/v2\/comments?post=9253"}],"version-history":[{"count":0,"href":"https:\/\/987aldia.com\/web\/wp-json\/wp\/v2\/posts\/9253\/revisions"}],"wp:featuredmedia":[{"embeddable":true,"href":"https:\/\/987aldia.com\/web\/wp-json\/wp\/v2\/media\/9254"}],"wp:attachment":[{"href":"https:\/\/987aldia.com\/web\/wp-json\/wp\/v2\/media?parent=9253"}],"wp:term":[{"taxonomy":"category","embeddable":true,"href":"https:\/\/987aldia.com\/web\/wp-json\/wp\/v2\/categories?post=9253"},{"taxonomy":"post_tag","embeddable":true,"href":"https:\/\/987aldia.com\/web\/wp-json\/wp\/v2\/tags?post=9253"}],"curies":[{"name":"wp","href":"https:\/\/api.w.org\/{rel}","templated":true}]}}