{"id":9264,"date":"2025-09-12T11:48:38","date_gmt":"2025-09-12T09:48:38","guid":{"rendered":"https:\/\/987aldia.com\/web\/la-junta-de-castilla-y-leon-modifica-el-programa-mixto-de-empleo-y-formacion\/"},"modified":"2025-09-12T11:48:38","modified_gmt":"2025-09-12T09:48:38","slug":"la-junta-de-castilla-y-leon-modifica-el-programa-mixto-de-empleo-y-formacion","status":"publish","type":"post","link":"https:\/\/987aldia.com\/web\/la-junta-de-castilla-y-leon-modifica-el-programa-mixto-de-empleo-y-formacion\/","title":{"rendered":"La Junta de Castilla y Le\u00f3n modifica el Programa Mixto de Empleo y Formaci\u00f3n"},"content":{"rendered":"<p>El Servicio P\u00fablico de Empleo de Castilla y Le\u00f3n ha publicado en el Bolet\u00edn Oficial de Castilla y Le\u00f3n (Bocyl) las nuevas bases reguladoras para la pr\u00f3xima convocatoria del Programa Mixto de Formaci\u00f3n y Empleo. La modificaci\u00f3n, anunciada el 12 de septiembre de 2023, busca simplificar la tramitaci\u00f3n, promover proyectos innovadores y mejorar la empleabilidad en la regi\u00f3n. La Junta de Castilla y Le\u00f3n, a trav\u00e9s de la Consejer\u00eda de Industria, Comercio y Empleo, ha destacado la prioridad de programas con car\u00e1cter singular y la cooperaci\u00f3n interadministrativa.Contexto y antecedentes.El Programa Mixto de Empleo y Formaci\u00f3n ha sido una herramienta clave en Castilla y Le\u00f3n para mejorar las competencias laborales de los ciudadanos y fomentar la inserci\u00f3n laboral. Con el objetivo de adaptarse a las nuevas necesidades del mercado laboral y a las demandas medioambientales, la Junta ha decidido actualizar las bases del programa.Datos concretos.La nueva convocatoria permitir\u00e1 proyectos con una duraci\u00f3n de entre 6 y 9,2 meses, y se ofrecer\u00e1 una subvenci\u00f3n de hasta el 60% de la cantidad total. Estos cambios est\u00e1n dise\u00f1ados para facilitar la gesti\u00f3n y ejecuci\u00f3n de los proyectos, asegurando que sean accesibles para una amplia gama de participantes y promotores. Impacto local y auton\u00f3mico. La implementaci\u00f3n de estas nuevas bases tendr\u00e1 un impacto significativo en los municipios de Castilla y Le\u00f3n, incluyendo \u00c1vila, Burgos, Le\u00f3n, Palencia, Salamanca, Segovia, Soria, Valladolid y Zamora. Se espera que los proyectos prioricen la innovaci\u00f3n y la sostenibilidad, contribuyendo a la prevenci\u00f3n de incendios y la recuperaci\u00f3n de zonas afectadas, lo que beneficiar\u00e1 directamente a las comunidades locales.Comparativas y referencias nacionales. En comparaci\u00f3n con otras comunidades aut\u00f3nomas, Castilla y Le\u00f3n se posiciona como una regi\u00f3n que apuesta por la innovaci\u00f3n y la sostenibilidad en sus programas de empleo. La cooperaci\u00f3n interadministrativa y el enfoque en proyectos medioambientales son aspectos que podr\u00edan servir de referencia para otras regiones del pa\u00eds.Declaraciones oficiales. La Consejer\u00eda de Industria, Comercio y Empleo ha subrayado la importancia de estas modificaciones para adaptarse a las nuevas realidades del mercado laboral y las necesidades medioambientales. Se espera que estas medidas no solo mejoren la empleabilidad, sino que tambi\u00e9n impulsen la econom\u00eda local a trav\u00e9s de proyectos innovadores.Cierre y proyecci\u00f3n futura.Con estas nuevas bases, la Junta de Castilla y Le\u00f3n busca no solo mejorar la gesti\u00f3n del Programa Mixto de Empleo y Formaci\u00f3n, sino tambi\u00e9n establecer un modelo que pueda ser replicado en futuras convocatorias. Se espera que los pr\u00f3ximos pasos incluyan una evaluaci\u00f3n continua de los proyectos para asegurar su efectividad y sostenibilidad, beneficiando as\u00ed a la ciudadan\u00eda y al entorno local.<\/p>\n","protected":false},"excerpt":{"rendered":"<p>Nuevas bases para facilitar la gesti\u00f3n e impulsar proyectos innovadores y medioambientales<\/p>\n","protected":false},"author":1,"featured_media":9265,"comment_status":"open","ping_status":"closed","sticky":false,"template":"","format":"standard","meta":{"_monsterinsights_skip_tracking":false,"_monsterinsights_sitenote_active":false,"_monsterinsights_sitenote_note":"","_monsterinsights_sitenote_category":0,"site-container-style":"default","site-container-layout":"default","site-sidebar-layout":"default","disable-article-header":"default","disable-site-header":"default","disable-site-footer":"default","disable-content-area-spacing":"default","_jetpack_memberships_contains_paid_content":false,"footnotes":"","jetpack_publicize_message":"","jetpack_publicize_feature_enabled":true,"jetpack_social_post_already_shared":true,"jetpack_social_options":{"image_generator_settings":{"template":"highway","default_image_id":0,"font":"","enabled":false},"version":2}},"categories":[1],"tags":[],"class_list":["post-9264","post","type-post","status-publish","format-standard","has-post-thumbnail","hentry","category-uncategorized"],"jetpack_publicize_connections":[],"jetpack_featured_media_url":"https:\/\/987aldia.com\/web\/wp-content\/uploads\/2025\/09\/especialidad_image_20250912_092111_L4kcaF.png","jetpack_sharing_enabled":true,"_links":{"self":[{"href":"https:\/\/987aldia.com\/web\/wp-json\/wp\/v2\/posts\/9264","targetHints":{"allow":["GET"]}}],"collection":[{"href":"https:\/\/987aldia.com\/web\/wp-json\/wp\/v2\/posts"}],"about":[{"href":"https:\/\/987aldia.com\/web\/wp-json\/wp\/v2\/types\/post"}],"author":[{"embeddable":true,"href":"https:\/\/987aldia.com\/web\/wp-json\/wp\/v2\/users\/1"}],"replies":[{"embeddable":true,"href":"https:\/\/987aldia.com\/web\/wp-json\/wp\/v2\/comments?post=9264"}],"version-history":[{"count":0,"href":"https:\/\/987aldia.com\/web\/wp-json\/wp\/v2\/posts\/9264\/revisions"}],"wp:featuredmedia":[{"embeddable":true,"href":"https:\/\/987aldia.com\/web\/wp-json\/wp\/v2\/media\/9265"}],"wp:attachment":[{"href":"https:\/\/987aldia.com\/web\/wp-json\/wp\/v2\/media?parent=9264"}],"wp:term":[{"taxonomy":"category","embeddable":true,"href":"https:\/\/987aldia.com\/web\/wp-json\/wp\/v2\/categories?post=9264"},{"taxonomy":"post_tag","embeddable":true,"href":"https:\/\/987aldia.com\/web\/wp-json\/wp\/v2\/tags?post=9264"}],"curies":[{"name":"wp","href":"https:\/\/api.w.org\/{rel}","templated":true}]}}