{"id":9285,"date":"2025-09-13T06:05:32","date_gmt":"2025-09-13T04:05:32","guid":{"rendered":"https:\/\/987aldia.com\/web\/el-15-de-noviembre-se-celebra-el-primer-trail-valles-del-sil-con-el-impulso-del-paramo\/"},"modified":"2025-09-13T06:05:32","modified_gmt":"2025-09-13T04:05:32","slug":"el-15-de-noviembre-se-celebra-el-primer-trail-valles-del-sil-con-el-impulso-del-paramo","status":"publish","type":"post","link":"https:\/\/987aldia.com\/web\/el-15-de-noviembre-se-celebra-el-primer-trail-valles-del-sil-con-el-impulso-del-paramo\/","title":{"rendered":"\u00abEl 15 de noviembre se celebra el primer Trail Valles del Sil con el impulso del P\u00e1ramo\u00bb"},"content":{"rendered":"<p>El pr\u00f3ximo 15 de noviembre, los amantes del trail running tendr\u00e1n la oportunidad de disfrutar de una emocionante carrera en un entorno natural privilegiado. El P\u00e1ramo ser\u00e1 el escenario del primer Trail Valles del Sil, una competencia que promete desafiar a los participantes con sus empinadas cuestas y paisajes impresionantes.<\/p>\n<p>Los corredores tendr\u00e1n la oportunidad de recorrer senderos sinuosos, atravesar r\u00edos cristalinos y sentir la adrenalina de la competencia en medio de la naturaleza. La organizaci\u00f3n del evento ha preparado diferentes categor\u00edas para que tanto los atletas experimentados como los principiantes puedan participar y disfrutar de esta experiencia \u00fanica.<\/p>\n<p>El Trail Valles del Sil no solo busca promover la pr\u00e1ctica del deporte al aire libre, sino tambi\u00e9n concienciar sobre la importancia de preservar y cuidar los ecosistemas naturales. Con esta iniciativa, se busca fomentar el respeto por el entorno y promover un estilo de vida activo y saludable.<\/p>\n<p>As\u00ed que ya lo sabes, marca en tu calendario el 15 de noviembre y prep\u00e1rate para vivir una aventura inolvidable en el coraz\u00f3n del P\u00e1ramo. \u00a1El primer Trail Valles del Sil te espera con los brazos abiertos para que desaf\u00edes tus l\u00edmites y disfrutes de la naturaleza en todo su esplendor!<\/p>\n","protected":false},"excerpt":{"rendered":"<p>El pr\u00f3ximo 15 de noviembre, los amantes del trail running tendr\u00e1n la oportunidad de disfrutar de una emocionante carrera en un entorno natural privilegiado. El P\u00e1ramo ser\u00e1 el escenario del primer Trail Valles del Sil, una competencia que promete desafiar a los participantes con sus empinadas cuestas y paisajes impresionantes. Los corredores tendr\u00e1n la oportunidad [&hellip;]<\/p>\n","protected":false},"author":1,"featured_media":9286,"comment_status":"open","ping_status":"closed","sticky":false,"template":"","format":"standard","meta":{"_monsterinsights_skip_tracking":false,"_monsterinsights_sitenote_active":false,"_monsterinsights_sitenote_note":"","_monsterinsights_sitenote_category":0,"site-container-style":"default","site-container-layout":"default","site-sidebar-layout":"default","disable-article-header":"default","disable-site-header":"default","disable-site-footer":"default","disable-content-area-spacing":"default","_jetpack_memberships_contains_paid_content":false,"footnotes":"","jetpack_publicize_message":"","jetpack_publicize_feature_enabled":true,"jetpack_social_post_already_shared":true,"jetpack_social_options":{"image_generator_settings":{"template":"highway","default_image_id":0,"font":"","enabled":false},"version":2}},"categories":[1],"tags":[],"class_list":["post-9285","post","type-post","status-publish","format-standard","has-post-thumbnail","hentry","category-uncategorized"],"jetpack_publicize_connections":[],"jetpack_featured_media_url":"https:\/\/987aldia.com\/web\/wp-content\/uploads\/2025\/09\/openai-image-1757736332.png","jetpack_sharing_enabled":true,"_links":{"self":[{"href":"https:\/\/987aldia.com\/web\/wp-json\/wp\/v2\/posts\/9285","targetHints":{"allow":["GET"]}}],"collection":[{"href":"https:\/\/987aldia.com\/web\/wp-json\/wp\/v2\/posts"}],"about":[{"href":"https:\/\/987aldia.com\/web\/wp-json\/wp\/v2\/types\/post"}],"author":[{"embeddable":true,"href":"https:\/\/987aldia.com\/web\/wp-json\/wp\/v2\/users\/1"}],"replies":[{"embeddable":true,"href":"https:\/\/987aldia.com\/web\/wp-json\/wp\/v2\/comments?post=9285"}],"version-history":[{"count":0,"href":"https:\/\/987aldia.com\/web\/wp-json\/wp\/v2\/posts\/9285\/revisions"}],"wp:featuredmedia":[{"embeddable":true,"href":"https:\/\/987aldia.com\/web\/wp-json\/wp\/v2\/media\/9286"}],"wp:attachment":[{"href":"https:\/\/987aldia.com\/web\/wp-json\/wp\/v2\/media?parent=9285"}],"wp:term":[{"taxonomy":"category","embeddable":true,"href":"https:\/\/987aldia.com\/web\/wp-json\/wp\/v2\/categories?post=9285"},{"taxonomy":"post_tag","embeddable":true,"href":"https:\/\/987aldia.com\/web\/wp-json\/wp\/v2\/tags?post=9285"}],"curies":[{"name":"wp","href":"https:\/\/api.w.org\/{rel}","templated":true}]}}