{"id":9289,"date":"2025-09-13T09:10:43","date_gmt":"2025-09-13T07:10:43","guid":{"rendered":"https:\/\/987aldia.com\/web\/la-junta-de-castilla-y-leon-refuerza-el-apoyo-a-agricultores-y-ganaderos-afectados-por-incendios\/"},"modified":"2025-09-13T09:10:43","modified_gmt":"2025-09-13T07:10:43","slug":"la-junta-de-castilla-y-leon-refuerza-el-apoyo-a-agricultores-y-ganaderos-afectados-por-incendios","status":"publish","type":"post","link":"https:\/\/987aldia.com\/web\/la-junta-de-castilla-y-leon-refuerza-el-apoyo-a-agricultores-y-ganaderos-afectados-por-incendios\/","title":{"rendered":"La Junta de Castilla y Le\u00f3n refuerza el apoyo a agricultores y ganaderos afectados por incendios"},"content":{"rendered":"<p>La Junta de Castilla y Le\u00f3n, bajo la direcci\u00f3n de su presidente Alfonso Fern\u00e1ndez Ma\u00f1ueco, ha puesto en marcha un ambicioso plan para apoyar a los agricultores y ganaderos de la regi\u00f3n que han sido afectados por los recientes incendios. Este anuncio se realiz\u00f3 el 12 de septiembre de 2023, en un encuentro con las Organizaciones Profesionales Agrarias (OPAS) y la Uni\u00f3n Regional de Cooperativas Agrarias de Castilla y Le\u00f3n (URCACYL).<\/p>\n<p>El plan contempla una inversi\u00f3n inicial de 2,91 millones de euros, destinada a proporcionar ayudas econ\u00f3micas directas de 5.500 euros a un total de 530 agricultores y ganaderos. Adem\u00e1s, se distribuir\u00e1n 5,5 millones de kilos de alimentos para el ganado, beneficiando a 350 ganader\u00edas y 60.000 cabezas de ganado. Tambi\u00e9n se instalar\u00e1n 75 abrevaderos para asegurar el suministro de agua.<\/p>\n<p>En cuanto al impacto local, estas medidas buscan no solo paliar los da\u00f1os inmediatos, sino tambi\u00e9n fomentar el relevo generacional y la modernizaci\u00f3n de las explotaciones agr\u00edcolas y ganaderas en toda la provincia de Castilla y Le\u00f3n. La reforestaci\u00f3n de las \u00e1reas afectadas es otro de los pilares del plan, con el objetivo de restaurar la masa arb\u00f3rea da\u00f1ada por los incendios.<\/p>\n<p>Comparativamente, este esfuerzo se alinea con las pol\u00edticas auton\u00f3micas y nacionales que buscan mejorar la gesti\u00f3n de los recursos naturales y reducir la burocracia en los tr\u00e1mites medioambientales. La Junta ha acordado avanzar en la simplificaci\u00f3n y agilizaci\u00f3n de estos tr\u00e1mites, con mejoras normativas que faciliten una mejor gesti\u00f3n de los montes.<\/p>\n<p>En declaraciones oficiales, el presidente Ma\u00f1ueco destac\u00f3 la importancia de estas medidas para garantizar la sostenibilidad del sector agropecuario en la regi\u00f3n. \u00abEstamos comprometidos con nuestros agricultores y ganaderos, y este plan es una muestra de nuestro apoyo incondicional\u00bb, afirm\u00f3.<\/p>\n<p>De cara al futuro, se espera que estas acciones no solo mitiguen los efectos de los incendios, sino que tambi\u00e9n fortalezcan el sector agr\u00edcola y ganadero de Castilla y Le\u00f3n, asegurando su viabilidad y competitividad a largo plazo. Los pr\u00f3ximos pasos incluyen la implementaci\u00f3n de las medidas anunciadas y la evaluaci\u00f3n continua de su impacto en la comunidad local.<\/p>\n","protected":false},"excerpt":{"rendered":"<p>El plan incluye medidas para la modernizaci\u00f3n de explotaciones y reforestaci\u00f3n, con una inversi\u00f3n inicial de 2,91 millones de euros.<\/p>\n","protected":false},"author":1,"featured_media":9290,"comment_status":"open","ping_status":"closed","sticky":false,"template":"","format":"standard","meta":{"_monsterinsights_skip_tracking":false,"_monsterinsights_sitenote_active":false,"_monsterinsights_sitenote_note":"","_monsterinsights_sitenote_category":0,"site-container-style":"default","site-container-layout":"default","site-sidebar-layout":"default","disable-article-header":"default","disable-site-header":"default","disable-site-footer":"default","disable-content-area-spacing":"default","_jetpack_memberships_contains_paid_content":false,"footnotes":"","jetpack_publicize_message":"","jetpack_publicize_feature_enabled":true,"jetpack_social_post_already_shared":true,"jetpack_social_options":{"image_generator_settings":{"template":"highway","default_image_id":0,"font":"","enabled":false},"version":2}},"categories":[1],"tags":[],"class_list":["post-9289","post","type-post","status-publish","format-standard","has-post-thumbnail","hentry","category-uncategorized"],"jetpack_publicize_connections":[],"jetpack_featured_media_url":"https:\/\/987aldia.com\/web\/wp-content\/uploads\/2025\/09\/articulo_20250913_071028_rP5Ueb.jpg","jetpack_sharing_enabled":true,"_links":{"self":[{"href":"https:\/\/987aldia.com\/web\/wp-json\/wp\/v2\/posts\/9289","targetHints":{"allow":["GET"]}}],"collection":[{"href":"https:\/\/987aldia.com\/web\/wp-json\/wp\/v2\/posts"}],"about":[{"href":"https:\/\/987aldia.com\/web\/wp-json\/wp\/v2\/types\/post"}],"author":[{"embeddable":true,"href":"https:\/\/987aldia.com\/web\/wp-json\/wp\/v2\/users\/1"}],"replies":[{"embeddable":true,"href":"https:\/\/987aldia.com\/web\/wp-json\/wp\/v2\/comments?post=9289"}],"version-history":[{"count":0,"href":"https:\/\/987aldia.com\/web\/wp-json\/wp\/v2\/posts\/9289\/revisions"}],"wp:featuredmedia":[{"embeddable":true,"href":"https:\/\/987aldia.com\/web\/wp-json\/wp\/v2\/media\/9290"}],"wp:attachment":[{"href":"https:\/\/987aldia.com\/web\/wp-json\/wp\/v2\/media?parent=9289"}],"wp:term":[{"taxonomy":"category","embeddable":true,"href":"https:\/\/987aldia.com\/web\/wp-json\/wp\/v2\/categories?post=9289"},{"taxonomy":"post_tag","embeddable":true,"href":"https:\/\/987aldia.com\/web\/wp-json\/wp\/v2\/tags?post=9289"}],"curies":[{"name":"wp","href":"https:\/\/api.w.org\/{rel}","templated":true}]}}