{"id":9293,"date":"2025-09-13T12:06:24","date_gmt":"2025-09-13T10:06:24","guid":{"rendered":"https:\/\/987aldia.com\/web\/alex-y-veronica-se-coronan-campeones-en-la-milla-de-la-encina\/"},"modified":"2025-09-13T12:06:24","modified_gmt":"2025-09-13T10:06:24","slug":"alex-y-veronica-se-coronan-campeones-en-la-milla-de-la-encina","status":"publish","type":"post","link":"https:\/\/987aldia.com\/web\/alex-y-veronica-se-coronan-campeones-en-la-milla-de-la-encina\/","title":{"rendered":"\u00c1lex y Ver\u00f3nica se coronan campeones en la Milla de la Encina."},"content":{"rendered":"<p>En una emocionante competencia que tuvo lugar en la localidad de Villafranca de los Barros, \u00c1lex y Ver\u00f3nica se alzaron como los vencedores indiscutibles de la tradicional Milla de la Encina. El evento, que cont\u00f3 con la participaci\u00f3n de corredores de alto nivel, atrajo la atenci\u00f3n de los espectadores que se congregaron para presenciar esta emocionante carrera.<\/p>\n<p>Los ganadores, \u00c1lex y Ver\u00f3nica, demostraron su destreza y resistencia al cruzar la meta en primer lugar, dejando atr\u00e1s a sus competidores y mostrando un excelente desempe\u00f1o en esta exigente prueba atl\u00e9tica. El p\u00fablico no escatim\u00f3 en aplausos y muestras de admiraci\u00f3n para estos atletas que lograron destacar en un evento tan competitivo.<\/p>\n<p>La Milla de la Encina se consolida as\u00ed como una de las competencias m\u00e1s importantes en el calendario deportivo de la regi\u00f3n, reuniendo a talentosos corredores que buscan superarse a s\u00ed mismos y dejar su huella en esta prestigiosa carrera. Sin duda, la edici\u00f3n de este a\u00f1o quedar\u00e1 marcada por la haza\u00f1a de \u00c1lex y Ver\u00f3nica, quienes se convirtieron en los campeones indiscutibles de esta exigente prueba de resistencia y velocidad.<\/p>\n","protected":false},"excerpt":{"rendered":"<p>En una emocionante competencia que tuvo lugar en la localidad de Villafranca de los Barros, \u00c1lex y Ver\u00f3nica se alzaron como los vencedores indiscutibles de la tradicional Milla de la Encina. El evento, que cont\u00f3 con la participaci\u00f3n de corredores de alto nivel, atrajo la atenci\u00f3n de los espectadores que se congregaron para presenciar esta [&hellip;]<\/p>\n","protected":false},"author":1,"featured_media":9294,"comment_status":"open","ping_status":"closed","sticky":false,"template":"","format":"standard","meta":{"_monsterinsights_skip_tracking":false,"_monsterinsights_sitenote_active":false,"_monsterinsights_sitenote_note":"","_monsterinsights_sitenote_category":0,"site-container-style":"default","site-container-layout":"default","site-sidebar-layout":"default","disable-article-header":"default","disable-site-header":"default","disable-site-footer":"default","disable-content-area-spacing":"default","_jetpack_memberships_contains_paid_content":false,"footnotes":"","jetpack_publicize_message":"","jetpack_publicize_feature_enabled":true,"jetpack_social_post_already_shared":true,"jetpack_social_options":{"image_generator_settings":{"template":"highway","default_image_id":0,"font":"","enabled":false},"version":2}},"categories":[1],"tags":[],"class_list":["post-9293","post","type-post","status-publish","format-standard","has-post-thumbnail","hentry","category-uncategorized"],"jetpack_publicize_connections":[],"jetpack_featured_media_url":"https:\/\/987aldia.com\/web\/wp-content\/uploads\/2025\/09\/openai-image-1757757984.png","jetpack_sharing_enabled":true,"_links":{"self":[{"href":"https:\/\/987aldia.com\/web\/wp-json\/wp\/v2\/posts\/9293","targetHints":{"allow":["GET"]}}],"collection":[{"href":"https:\/\/987aldia.com\/web\/wp-json\/wp\/v2\/posts"}],"about":[{"href":"https:\/\/987aldia.com\/web\/wp-json\/wp\/v2\/types\/post"}],"author":[{"embeddable":true,"href":"https:\/\/987aldia.com\/web\/wp-json\/wp\/v2\/users\/1"}],"replies":[{"embeddable":true,"href":"https:\/\/987aldia.com\/web\/wp-json\/wp\/v2\/comments?post=9293"}],"version-history":[{"count":0,"href":"https:\/\/987aldia.com\/web\/wp-json\/wp\/v2\/posts\/9293\/revisions"}],"wp:featuredmedia":[{"embeddable":true,"href":"https:\/\/987aldia.com\/web\/wp-json\/wp\/v2\/media\/9294"}],"wp:attachment":[{"href":"https:\/\/987aldia.com\/web\/wp-json\/wp\/v2\/media?parent=9293"}],"wp:term":[{"taxonomy":"category","embeddable":true,"href":"https:\/\/987aldia.com\/web\/wp-json\/wp\/v2\/categories?post=9293"},{"taxonomy":"post_tag","embeddable":true,"href":"https:\/\/987aldia.com\/web\/wp-json\/wp\/v2\/tags?post=9293"}],"curies":[{"name":"wp","href":"https:\/\/api.w.org\/{rel}","templated":true}]}}