{"id":9301,"date":"2025-09-13T16:05:24","date_gmt":"2025-09-13T14:05:24","guid":{"rendered":"https:\/\/987aldia.com\/web\/raul-llona-busca-que-la-cultural-sea-un-equipo-imbatible-frente-al-lider-de-segunda\/"},"modified":"2025-09-13T16:05:24","modified_gmt":"2025-09-13T14:05:24","slug":"raul-llona-busca-que-la-cultural-sea-un-equipo-imbatible-frente-al-lider-de-segunda","status":"publish","type":"post","link":"https:\/\/987aldia.com\/web\/raul-llona-busca-que-la-cultural-sea-un-equipo-imbatible-frente-al-lider-de-segunda\/","title":{"rendered":"Ra\u00fal Llona busca que la Cultural sea un equipo \u00abimbatible\u00bb frente al l\u00edder de Segunda."},"content":{"rendered":"<p>El entrenador Ra\u00fal Llona ha manifestado su determinaci\u00f3n de forjar un equipo de la Cultural Leonesa que destaque por su identidad y sea reconocible ante los ojos del l\u00edder de la Segunda Divisi\u00f3n. Consciente del desaf\u00edo que representa enfrentarse a uno de los equipos m\u00e1s destacados de la categor\u00eda, Llona ha puesto \u00e9nfasis en la importancia de consolidar un estilo de juego propio y una mentalidad ganadora en sus jugadores. Con este objetivo en mente, el t\u00e9cnico se muestra confiado en la capacidad de su plantilla para competir al m\u00e1s alto nivel y lograr resultados positivos que sit\u00faen a la Cultural en una posici\u00f3n destacada en la tabla clasificatoria. Los aficionados del equipo leon\u00e9s esperan con expectaci\u00f3n ver c\u00f3mo se desarrolla esta nueva etapa bajo la direcci\u00f3n de Ra\u00fal Llona y conf\u00edan en que su visi\u00f3n y liderazgo conduzcan al equipo hacia el \u00e9xito en la temporada.<\/p>\n","protected":false},"excerpt":{"rendered":"<p>El entrenador Ra\u00fal Llona ha manifestado su determinaci\u00f3n de forjar un equipo de la Cultural Leonesa que destaque por su identidad y sea reconocible ante los ojos del l\u00edder de la Segunda Divisi\u00f3n. Consciente del desaf\u00edo que representa enfrentarse a uno de los equipos m\u00e1s destacados de la categor\u00eda, Llona ha puesto \u00e9nfasis en la [&hellip;]<\/p>\n","protected":false},"author":1,"featured_media":9302,"comment_status":"open","ping_status":"closed","sticky":false,"template":"","format":"standard","meta":{"_monsterinsights_skip_tracking":false,"_monsterinsights_sitenote_active":false,"_monsterinsights_sitenote_note":"","_monsterinsights_sitenote_category":0,"site-container-style":"default","site-container-layout":"default","site-sidebar-layout":"default","disable-article-header":"default","disable-site-header":"default","disable-site-footer":"default","disable-content-area-spacing":"default","_jetpack_memberships_contains_paid_content":false,"footnotes":"","jetpack_publicize_message":"","jetpack_publicize_feature_enabled":true,"jetpack_social_post_already_shared":true,"jetpack_social_options":{"image_generator_settings":{"template":"highway","default_image_id":0,"font":"","enabled":false},"version":2}},"categories":[1],"tags":[],"class_list":["post-9301","post","type-post","status-publish","format-standard","has-post-thumbnail","hentry","category-uncategorized"],"jetpack_publicize_connections":[],"jetpack_featured_media_url":"https:\/\/987aldia.com\/web\/wp-content\/uploads\/2025\/09\/openai-image-1757772324.png","jetpack_sharing_enabled":true,"_links":{"self":[{"href":"https:\/\/987aldia.com\/web\/wp-json\/wp\/v2\/posts\/9301","targetHints":{"allow":["GET"]}}],"collection":[{"href":"https:\/\/987aldia.com\/web\/wp-json\/wp\/v2\/posts"}],"about":[{"href":"https:\/\/987aldia.com\/web\/wp-json\/wp\/v2\/types\/post"}],"author":[{"embeddable":true,"href":"https:\/\/987aldia.com\/web\/wp-json\/wp\/v2\/users\/1"}],"replies":[{"embeddable":true,"href":"https:\/\/987aldia.com\/web\/wp-json\/wp\/v2\/comments?post=9301"}],"version-history":[{"count":0,"href":"https:\/\/987aldia.com\/web\/wp-json\/wp\/v2\/posts\/9301\/revisions"}],"wp:featuredmedia":[{"embeddable":true,"href":"https:\/\/987aldia.com\/web\/wp-json\/wp\/v2\/media\/9302"}],"wp:attachment":[{"href":"https:\/\/987aldia.com\/web\/wp-json\/wp\/v2\/media?parent=9301"}],"wp:term":[{"taxonomy":"category","embeddable":true,"href":"https:\/\/987aldia.com\/web\/wp-json\/wp\/v2\/categories?post=9301"},{"taxonomy":"post_tag","embeddable":true,"href":"https:\/\/987aldia.com\/web\/wp-json\/wp\/v2\/tags?post=9301"}],"curies":[{"name":"wp","href":"https:\/\/api.w.org\/{rel}","templated":true}]}}