{"id":9303,"date":"2025-09-13T18:06:26","date_gmt":"2025-09-13T16:06:26","guid":{"rendered":"https:\/\/987aldia.com\/web\/futbolista-sentenciado-a-tres-anos-de-prision-por-su-participacion-en-una-pelea-fuera-de-un-bar\/"},"modified":"2025-09-13T18:06:26","modified_gmt":"2025-09-13T16:06:26","slug":"futbolista-sentenciado-a-tres-anos-de-prision-por-su-participacion-en-una-pelea-fuera-de-un-bar","status":"publish","type":"post","link":"https:\/\/987aldia.com\/web\/futbolista-sentenciado-a-tres-anos-de-prision-por-su-participacion-en-una-pelea-fuera-de-un-bar\/","title":{"rendered":"Futbolista sentenciado a tres a\u00f1os de prisi\u00f3n por su participaci\u00f3n en una pelea fuera de un bar"},"content":{"rendered":"<p>El mundo del f\u00fatbol se ve una vez m\u00e1s envuelto en la pol\u00e9mica, esta vez con la condena de tres a\u00f1os de c\u00e1rcel para un reconocido futbolista que se vio involucrado en una pelea a las puertas de un bar. Seg\u00fan las autoridades, el jugador habr\u00eda causado de manera intencional lesiones corporales de mediana gravedad a otra persona durante el altercado.<\/p>\n<p>Esta noticia ha sorprendido a la comunidad deportiva y a los seguidores del equipo al que pertenece el futbolista, quienes no esperaban que uno de sus \u00eddolos se viera envuelto en un incidente de esta magnitud. La reputaci\u00f3n del jugador se ve seriamente afectada con esta sentencia, que pone en tela de juicio su comportamiento fuera de los terrenos de juego.<\/p>\n<p>La condena impuesta al futbolista sirve como recordatorio de que los deportistas tambi\u00e9n deben ser responsables de sus acciones y que la violencia no tiene cabida en ninguna circunstancia. Este caso genera un debate sobre la conducta de los deportistas profesionales y la influencia que estos ejercen sobre sus seguidores, quienes los ven como modelos a seguir.<\/p>\n<p>Esperamos que esta situaci\u00f3n sirva como lecci\u00f3n para todos los involucrados en el mundo del deporte, recordando la importancia de actuar con responsabilidad y respeto en todo momento.<\/p>\n","protected":false},"excerpt":{"rendered":"<p>El mundo del f\u00fatbol se ve una vez m\u00e1s envuelto en la pol\u00e9mica, esta vez con la condena de tres a\u00f1os de c\u00e1rcel para un reconocido futbolista que se vio involucrado en una pelea a las puertas de un bar. Seg\u00fan las autoridades, el jugador habr\u00eda causado de manera intencional lesiones corporales de mediana gravedad [&hellip;]<\/p>\n","protected":false},"author":1,"featured_media":0,"comment_status":"open","ping_status":"closed","sticky":false,"template":"","format":"standard","meta":{"_monsterinsights_skip_tracking":false,"_monsterinsights_sitenote_active":false,"_monsterinsights_sitenote_note":"","_monsterinsights_sitenote_category":0,"site-container-style":"default","site-container-layout":"default","site-sidebar-layout":"default","disable-article-header":"default","disable-site-header":"default","disable-site-footer":"default","disable-content-area-spacing":"default","_jetpack_memberships_contains_paid_content":false,"footnotes":"","jetpack_publicize_message":"","jetpack_publicize_feature_enabled":true,"jetpack_social_post_already_shared":true,"jetpack_social_options":{"image_generator_settings":{"template":"highway","default_image_id":0,"font":"","enabled":false},"version":2}},"categories":[1],"tags":[],"class_list":["post-9303","post","type-post","status-publish","format-standard","hentry","category-uncategorized"],"jetpack_publicize_connections":[],"jetpack_featured_media_url":"","jetpack_sharing_enabled":true,"_links":{"self":[{"href":"https:\/\/987aldia.com\/web\/wp-json\/wp\/v2\/posts\/9303","targetHints":{"allow":["GET"]}}],"collection":[{"href":"https:\/\/987aldia.com\/web\/wp-json\/wp\/v2\/posts"}],"about":[{"href":"https:\/\/987aldia.com\/web\/wp-json\/wp\/v2\/types\/post"}],"author":[{"embeddable":true,"href":"https:\/\/987aldia.com\/web\/wp-json\/wp\/v2\/users\/1"}],"replies":[{"embeddable":true,"href":"https:\/\/987aldia.com\/web\/wp-json\/wp\/v2\/comments?post=9303"}],"version-history":[{"count":0,"href":"https:\/\/987aldia.com\/web\/wp-json\/wp\/v2\/posts\/9303\/revisions"}],"wp:attachment":[{"href":"https:\/\/987aldia.com\/web\/wp-json\/wp\/v2\/media?parent=9303"}],"wp:term":[{"taxonomy":"category","embeddable":true,"href":"https:\/\/987aldia.com\/web\/wp-json\/wp\/v2\/categories?post=9303"},{"taxonomy":"post_tag","embeddable":true,"href":"https:\/\/987aldia.com\/web\/wp-json\/wp\/v2\/tags?post=9303"}],"curies":[{"name":"wp","href":"https:\/\/api.w.org\/{rel}","templated":true}]}}