{"id":9312,"date":"2025-09-14T04:05:33","date_gmt":"2025-09-14T02:05:33","guid":{"rendered":"https:\/\/987aldia.com\/web\/aerolineas-economicas-compiten-por-llenar-el-vacio-dejado-por-ryanair\/"},"modified":"2025-09-14T04:05:33","modified_gmt":"2025-09-14T02:05:33","slug":"aerolineas-economicas-compiten-por-llenar-el-vacio-dejado-por-ryanair","status":"publish","type":"post","link":"https:\/\/987aldia.com\/web\/aerolineas-economicas-compiten-por-llenar-el-vacio-dejado-por-ryanair\/","title":{"rendered":"Aerol\u00edneas econ\u00f3micas compiten por llenar el vac\u00edo dejado por Ryanair"},"content":{"rendered":"<p>Las aerol\u00edneas de bajo coste en Espa\u00f1a han decidido dar un paso al frente para ocupar el espacio dejado por la salida de Ryanair. Vueling, Iberia Express y Binter han reaccionado r\u00e1pidamente ante la situaci\u00f3n, sumando un total de 434.000 asientos adicionales en sus vuelos con destino a Espa\u00f1a.<\/p>\n<p>El ministro de Transportes, Movilidad y Agenda Urbana, Jos\u00e9 Luis \u00c1balos, ha declarado que la competencia en el sector a\u00e9reo es f\u00e9rrea y que no se permitir\u00e1n chantajes por parte de ninguna aerol\u00ednea. \u00abA rey muerto, rey puesto\u00bb, expres\u00f3 el ministro Puente, dejando claro que el gobierno no se dejar\u00e1 intimidar y velar\u00e1 por los intereses de los pasajeros y la conectividad en el pa\u00eds.<\/p>\n<p>Esta situaci\u00f3n ha generado un escenario de rivalidad entre las aerol\u00edneas, que buscan captar la demanda que antes estaba cubierta por Ryanair. Los usuarios podr\u00e1n verse beneficiados con una mayor oferta de vuelos y precios competitivos en un mercado que se encuentra en constante evoluci\u00f3n.<\/p>\n","protected":false},"excerpt":{"rendered":"<p>Las aerol\u00edneas de bajo coste en Espa\u00f1a han decidido dar un paso al frente para ocupar el espacio dejado por la salida de Ryanair. Vueling, Iberia Express y Binter han reaccionado r\u00e1pidamente ante la situaci\u00f3n, sumando un total de 434.000 asientos adicionales en sus vuelos con destino a Espa\u00f1a. El ministro de Transportes, Movilidad y [&hellip;]<\/p>\n","protected":false},"author":1,"featured_media":9313,"comment_status":"open","ping_status":"closed","sticky":false,"template":"","format":"standard","meta":{"_monsterinsights_skip_tracking":false,"_monsterinsights_sitenote_active":false,"_monsterinsights_sitenote_note":"","_monsterinsights_sitenote_category":0,"site-container-style":"default","site-container-layout":"default","site-sidebar-layout":"default","disable-article-header":"default","disable-site-header":"default","disable-site-footer":"default","disable-content-area-spacing":"default","_jetpack_memberships_contains_paid_content":false,"footnotes":"","jetpack_publicize_message":"","jetpack_publicize_feature_enabled":true,"jetpack_social_post_already_shared":true,"jetpack_social_options":{"image_generator_settings":{"template":"highway","default_image_id":0,"font":"","enabled":false},"version":2}},"categories":[1],"tags":[],"class_list":["post-9312","post","type-post","status-publish","format-standard","has-post-thumbnail","hentry","category-uncategorized"],"jetpack_publicize_connections":[],"jetpack_featured_media_url":"https:\/\/987aldia.com\/web\/wp-content\/uploads\/2025\/09\/openai-image-1757815533.png","jetpack_sharing_enabled":true,"_links":{"self":[{"href":"https:\/\/987aldia.com\/web\/wp-json\/wp\/v2\/posts\/9312","targetHints":{"allow":["GET"]}}],"collection":[{"href":"https:\/\/987aldia.com\/web\/wp-json\/wp\/v2\/posts"}],"about":[{"href":"https:\/\/987aldia.com\/web\/wp-json\/wp\/v2\/types\/post"}],"author":[{"embeddable":true,"href":"https:\/\/987aldia.com\/web\/wp-json\/wp\/v2\/users\/1"}],"replies":[{"embeddable":true,"href":"https:\/\/987aldia.com\/web\/wp-json\/wp\/v2\/comments?post=9312"}],"version-history":[{"count":0,"href":"https:\/\/987aldia.com\/web\/wp-json\/wp\/v2\/posts\/9312\/revisions"}],"wp:featuredmedia":[{"embeddable":true,"href":"https:\/\/987aldia.com\/web\/wp-json\/wp\/v2\/media\/9313"}],"wp:attachment":[{"href":"https:\/\/987aldia.com\/web\/wp-json\/wp\/v2\/media?parent=9312"}],"wp:term":[{"taxonomy":"category","embeddable":true,"href":"https:\/\/987aldia.com\/web\/wp-json\/wp\/v2\/categories?post=9312"},{"taxonomy":"post_tag","embeddable":true,"href":"https:\/\/987aldia.com\/web\/wp-json\/wp\/v2\/tags?post=9312"}],"curies":[{"name":"wp","href":"https:\/\/api.w.org\/{rel}","templated":true}]}}