{"id":9324,"date":"2025-09-14T16:05:54","date_gmt":"2025-09-14T14:05:54","guid":{"rendered":"https:\/\/987aldia.com\/web\/el-ecyl-actualiza-las-condiciones-del-programa-mixto-de-formacion-y-empleo\/"},"modified":"2025-09-14T16:05:54","modified_gmt":"2025-09-14T14:05:54","slug":"el-ecyl-actualiza-las-condiciones-del-programa-mixto-de-formacion-y-empleo","status":"publish","type":"post","link":"https:\/\/987aldia.com\/web\/el-ecyl-actualiza-las-condiciones-del-programa-mixto-de-formacion-y-empleo\/","title":{"rendered":"El Ecyl actualiza las condiciones del Programa Mixto de Formaci\u00f3n y Empleo"},"content":{"rendered":"<p>El Servicio P\u00fablico de Empleo de Castilla y Le\u00f3n (Ecyl) ha anunciado recientemente modificaciones en las bases del Programa Mixto de Formaci\u00f3n y Empleo, en un esfuerzo por optimizar y adaptar este programa a las necesidades actuales del mercado laboral en la regi\u00f3n. Estos ajustes son considerados como el paso previo necesario para la convocatoria de la l\u00ednea de subvenciones destinada a financiar los programas de formaci\u00f3n y empleo que se llevar\u00e1n a cabo el pr\u00f3ximo a\u00f1o.<\/p>\n<p>Con esta iniciativa, se busca fomentar el desarrollo de habilidades y competencias en los participantes del programa, con el objetivo de mejorar sus oportunidades de inserci\u00f3n laboral a corto y medio plazo. La formaci\u00f3n combinada con la experiencia laboral se presenta como una estrategia efectiva para potenciar la empleabilidad de los desempleados y contribuir al crecimiento econ\u00f3mico de la comunidad aut\u00f3noma.<\/p>\n<p>Se espera que estas modificaciones en las bases del Programa Mixto de Formaci\u00f3n y Empleo generen un impacto positivo en el mercado laboral de Castilla y Le\u00f3n, brindando nuevas oportunidades de formaci\u00f3n y empleo a aquellos que m\u00e1s lo necesitan. La convocatoria de las subvenciones para los programas del pr\u00f3ximo ejercicio se espera que sea un catalizador para la puesta en marcha de iniciativas que impulsen la empleabilidad y la capacitaci\u00f3n profesional de los ciudadanos de la regi\u00f3n.<\/p>\n","protected":false},"excerpt":{"rendered":"<p>El Servicio P\u00fablico de Empleo de Castilla y Le\u00f3n (Ecyl) ha anunciado recientemente modificaciones en las bases del Programa Mixto de Formaci\u00f3n y Empleo, en un esfuerzo por optimizar y adaptar este programa a las necesidades actuales del mercado laboral en la regi\u00f3n. Estos ajustes son considerados como el paso previo necesario para la convocatoria [&hellip;]<\/p>\n","protected":false},"author":1,"featured_media":9325,"comment_status":"open","ping_status":"closed","sticky":false,"template":"","format":"standard","meta":{"_monsterinsights_skip_tracking":false,"_monsterinsights_sitenote_active":false,"_monsterinsights_sitenote_note":"","_monsterinsights_sitenote_category":0,"site-container-style":"default","site-container-layout":"default","site-sidebar-layout":"default","disable-article-header":"default","disable-site-header":"default","disable-site-footer":"default","disable-content-area-spacing":"default","_jetpack_memberships_contains_paid_content":false,"footnotes":"","jetpack_publicize_message":"","jetpack_publicize_feature_enabled":true,"jetpack_social_post_already_shared":true,"jetpack_social_options":{"image_generator_settings":{"template":"highway","default_image_id":0,"font":"","enabled":false},"version":2}},"categories":[1],"tags":[],"class_list":["post-9324","post","type-post","status-publish","format-standard","has-post-thumbnail","hentry","category-uncategorized"],"jetpack_publicize_connections":[],"jetpack_featured_media_url":"https:\/\/987aldia.com\/web\/wp-content\/uploads\/2025\/09\/openai-image-1757858754.png","jetpack_sharing_enabled":true,"_links":{"self":[{"href":"https:\/\/987aldia.com\/web\/wp-json\/wp\/v2\/posts\/9324","targetHints":{"allow":["GET"]}}],"collection":[{"href":"https:\/\/987aldia.com\/web\/wp-json\/wp\/v2\/posts"}],"about":[{"href":"https:\/\/987aldia.com\/web\/wp-json\/wp\/v2\/types\/post"}],"author":[{"embeddable":true,"href":"https:\/\/987aldia.com\/web\/wp-json\/wp\/v2\/users\/1"}],"replies":[{"embeddable":true,"href":"https:\/\/987aldia.com\/web\/wp-json\/wp\/v2\/comments?post=9324"}],"version-history":[{"count":0,"href":"https:\/\/987aldia.com\/web\/wp-json\/wp\/v2\/posts\/9324\/revisions"}],"wp:featuredmedia":[{"embeddable":true,"href":"https:\/\/987aldia.com\/web\/wp-json\/wp\/v2\/media\/9325"}],"wp:attachment":[{"href":"https:\/\/987aldia.com\/web\/wp-json\/wp\/v2\/media?parent=9324"}],"wp:term":[{"taxonomy":"category","embeddable":true,"href":"https:\/\/987aldia.com\/web\/wp-json\/wp\/v2\/categories?post=9324"},{"taxonomy":"post_tag","embeddable":true,"href":"https:\/\/987aldia.com\/web\/wp-json\/wp\/v2\/tags?post=9324"}],"curies":[{"name":"wp","href":"https:\/\/api.w.org\/{rel}","templated":true}]}}