{"id":9326,"date":"2025-09-14T18:06:39","date_gmt":"2025-09-14T16:06:39","guid":{"rendered":"https:\/\/987aldia.com\/web\/trabajo-propone-nuevos-requisitos-para-el-registro-horario-y-las-horas-extra\/"},"modified":"2025-09-14T18:06:39","modified_gmt":"2025-09-14T16:06:39","slug":"trabajo-propone-nuevos-requisitos-para-el-registro-horario-y-las-horas-extra","status":"publish","type":"post","link":"https:\/\/987aldia.com\/web\/trabajo-propone-nuevos-requisitos-para-el-registro-horario-y-las-horas-extra\/","title":{"rendered":"\u00abTrabajo propone nuevos requisitos para el registro horario y las horas extra\u00bb"},"content":{"rendered":"<p>El Ministerio de Trabajo ha propuesto una modificaci\u00f3n en el registro horario de las empresas, con el objetivo de distinguir de forma clara las horas extras de la jornada laboral ordinaria. Esta medida busca garantizar la transparencia en la gesti\u00f3n de las horas trabajadas y el pago correspondiente a los trabajadores por su tiempo adicional.<\/p>\n<p>Seg\u00fan la propuesta, las empresas deber\u00e1n implementar un sistema de registro horario que permita identificar de manera precisa cu\u00e1ndo se realizan horas extras, evitando as\u00ed posibles abusos y fraudes en este aspecto. De esta forma, se busca proteger los derechos de los trabajadores y asegurar que reciban la compensaci\u00f3n justa por su esfuerzo adicional.<\/p>\n<p>Esta iniciativa del Ministerio de Trabajo ha generado opiniones encontradas entre los empresarios, quienes argumentan que este cambio implicar\u00e1 un mayor control y costos adicionales para las empresas. Sin embargo, desde el Gobierno se defiende que esta medida es necesaria para garantizar la equidad y cumplir con la normativa laboral vigente.<\/p>\n<p>En definitiva, la propuesta de distinguir las horas extras en el registro horario es un paso hacia la regulaci\u00f3n y protecci\u00f3n de los derechos laborales, que busca garantizar una relaci\u00f3n justa y equitativa entre empleadores y trabajadores en el \u00e1mbito laboral.<\/p>\n","protected":false},"excerpt":{"rendered":"<p>El Ministerio de Trabajo ha propuesto una modificaci\u00f3n en el registro horario de las empresas, con el objetivo de distinguir de forma clara las horas extras de la jornada laboral ordinaria. Esta medida busca garantizar la transparencia en la gesti\u00f3n de las horas trabajadas y el pago correspondiente a los trabajadores por su tiempo adicional. [&hellip;]<\/p>\n","protected":false},"author":1,"featured_media":9327,"comment_status":"open","ping_status":"closed","sticky":false,"template":"","format":"standard","meta":{"_monsterinsights_skip_tracking":false,"_monsterinsights_sitenote_active":false,"_monsterinsights_sitenote_note":"","_monsterinsights_sitenote_category":0,"site-container-style":"default","site-container-layout":"default","site-sidebar-layout":"default","disable-article-header":"default","disable-site-header":"default","disable-site-footer":"default","disable-content-area-spacing":"default","_jetpack_memberships_contains_paid_content":false,"footnotes":"","jetpack_publicize_message":"","jetpack_publicize_feature_enabled":true,"jetpack_social_post_already_shared":true,"jetpack_social_options":{"image_generator_settings":{"template":"highway","default_image_id":0,"font":"","enabled":false},"version":2}},"categories":[1],"tags":[],"class_list":["post-9326","post","type-post","status-publish","format-standard","has-post-thumbnail","hentry","category-uncategorized"],"jetpack_publicize_connections":[],"jetpack_featured_media_url":"https:\/\/987aldia.com\/web\/wp-content\/uploads\/2025\/09\/openai-image-1757865999.png","jetpack_sharing_enabled":true,"_links":{"self":[{"href":"https:\/\/987aldia.com\/web\/wp-json\/wp\/v2\/posts\/9326","targetHints":{"allow":["GET"]}}],"collection":[{"href":"https:\/\/987aldia.com\/web\/wp-json\/wp\/v2\/posts"}],"about":[{"href":"https:\/\/987aldia.com\/web\/wp-json\/wp\/v2\/types\/post"}],"author":[{"embeddable":true,"href":"https:\/\/987aldia.com\/web\/wp-json\/wp\/v2\/users\/1"}],"replies":[{"embeddable":true,"href":"https:\/\/987aldia.com\/web\/wp-json\/wp\/v2\/comments?post=9326"}],"version-history":[{"count":0,"href":"https:\/\/987aldia.com\/web\/wp-json\/wp\/v2\/posts\/9326\/revisions"}],"wp:featuredmedia":[{"embeddable":true,"href":"https:\/\/987aldia.com\/web\/wp-json\/wp\/v2\/media\/9327"}],"wp:attachment":[{"href":"https:\/\/987aldia.com\/web\/wp-json\/wp\/v2\/media?parent=9326"}],"wp:term":[{"taxonomy":"category","embeddable":true,"href":"https:\/\/987aldia.com\/web\/wp-json\/wp\/v2\/categories?post=9326"},{"taxonomy":"post_tag","embeddable":true,"href":"https:\/\/987aldia.com\/web\/wp-json\/wp\/v2\/tags?post=9326"}],"curies":[{"name":"wp","href":"https:\/\/api.w.org\/{rel}","templated":true}]}}