{"id":9345,"date":"2025-09-15T14:05:45","date_gmt":"2025-09-15T12:05:45","guid":{"rendered":"https:\/\/987aldia.com\/web\/comienza-el-nuevo-ano-academico-en-la-universidad\/"},"modified":"2025-09-15T14:05:45","modified_gmt":"2025-09-15T12:05:45","slug":"comienza-el-nuevo-ano-academico-en-la-universidad","status":"publish","type":"post","link":"https:\/\/987aldia.com\/web\/comienza-el-nuevo-ano-academico-en-la-universidad\/","title":{"rendered":"Comienza el nuevo a\u00f1o acad\u00e9mico en la Universidad"},"content":{"rendered":"<p>En un ambiente de entusiasmo y expectativas, el curso universitario dio inicio en el Campus con una jornada de bienvenida que reuni\u00f3 a cientos de estudiantes, docentes y personal administrativo. El evento estuvo marcado por discursos motivadores, actividades de integraci\u00f3n y la presentaci\u00f3n de las diferentes propuestas acad\u00e9micas y extracurriculares que ofrece la instituci\u00f3n.<\/p>\n<p>Los nuevos estudiantes, llenos de ilusi\u00f3n y ansias por aprender, recorrieron las instalaciones del Campus, familiariz\u00e1ndose con las aulas, laboratorios y espacios recreativos. Por su parte, los veteranos compartieron sus experiencias y consejos, brindando apoyo a los reci\u00e9n llegados en este emocionante comienzo de un nuevo ciclo acad\u00e9mico.<\/p>\n<p>La jornada de bienvenida tambi\u00e9n cont\u00f3 con la presencia de autoridades universitarias, quienes destacaron la importancia de la educaci\u00f3n superior como herramienta para el desarrollo personal y profesional. Asimismo, se hizo hincapi\u00e9 en la importancia de la comunidad universitaria como un espacio de diversidad, di\u00e1logo y crecimiento conjunto.<\/p>\n<p>Con un esp\u00edritu de camarader\u00eda y colaboraci\u00f3n, la comunidad universitaria se prepara para afrontar los retos y desaf\u00edos que el nuevo curso acad\u00e9mico traer\u00e1 consigo. Sin duda, la jornada de bienvenida fue el primer paso en un camino de aprendizaje, descubrimiento y crecimiento que marcar\u00e1 la vida de todos los que forman parte de esta gran familia universitaria.<\/p>\n","protected":false},"excerpt":{"rendered":"<p>En un ambiente de entusiasmo y expectativas, el curso universitario dio inicio en el Campus con una jornada de bienvenida que reuni\u00f3 a cientos de estudiantes, docentes y personal administrativo. El evento estuvo marcado por discursos motivadores, actividades de integraci\u00f3n y la presentaci\u00f3n de las diferentes propuestas acad\u00e9micas y extracurriculares que ofrece la instituci\u00f3n. Los [&hellip;]<\/p>\n","protected":false},"author":1,"featured_media":9346,"comment_status":"open","ping_status":"closed","sticky":false,"template":"","format":"standard","meta":{"_monsterinsights_skip_tracking":false,"_monsterinsights_sitenote_active":false,"_monsterinsights_sitenote_note":"","_monsterinsights_sitenote_category":0,"site-container-style":"default","site-container-layout":"default","site-sidebar-layout":"default","disable-article-header":"default","disable-site-header":"default","disable-site-footer":"default","disable-content-area-spacing":"default","_jetpack_memberships_contains_paid_content":false,"footnotes":"","jetpack_publicize_message":"","jetpack_publicize_feature_enabled":true,"jetpack_social_post_already_shared":true,"jetpack_social_options":{"image_generator_settings":{"template":"highway","default_image_id":0,"font":"","enabled":false},"version":2}},"categories":[1],"tags":[],"class_list":["post-9345","post","type-post","status-publish","format-standard","has-post-thumbnail","hentry","category-uncategorized"],"jetpack_publicize_connections":[],"jetpack_featured_media_url":"https:\/\/987aldia.com\/web\/wp-content\/uploads\/2025\/09\/openai-image-1757937945.png","jetpack_sharing_enabled":true,"_links":{"self":[{"href":"https:\/\/987aldia.com\/web\/wp-json\/wp\/v2\/posts\/9345","targetHints":{"allow":["GET"]}}],"collection":[{"href":"https:\/\/987aldia.com\/web\/wp-json\/wp\/v2\/posts"}],"about":[{"href":"https:\/\/987aldia.com\/web\/wp-json\/wp\/v2\/types\/post"}],"author":[{"embeddable":true,"href":"https:\/\/987aldia.com\/web\/wp-json\/wp\/v2\/users\/1"}],"replies":[{"embeddable":true,"href":"https:\/\/987aldia.com\/web\/wp-json\/wp\/v2\/comments?post=9345"}],"version-history":[{"count":0,"href":"https:\/\/987aldia.com\/web\/wp-json\/wp\/v2\/posts\/9345\/revisions"}],"wp:featuredmedia":[{"embeddable":true,"href":"https:\/\/987aldia.com\/web\/wp-json\/wp\/v2\/media\/9346"}],"wp:attachment":[{"href":"https:\/\/987aldia.com\/web\/wp-json\/wp\/v2\/media?parent=9345"}],"wp:term":[{"taxonomy":"category","embeddable":true,"href":"https:\/\/987aldia.com\/web\/wp-json\/wp\/v2\/categories?post=9345"},{"taxonomy":"post_tag","embeddable":true,"href":"https:\/\/987aldia.com\/web\/wp-json\/wp\/v2\/tags?post=9345"}],"curies":[{"name":"wp","href":"https:\/\/api.w.org\/{rel}","templated":true}]}}