{"id":9347,"date":"2025-09-15T16:05:55","date_gmt":"2025-09-15T14:05:55","guid":{"rendered":"https:\/\/987aldia.com\/web\/capturan-al-sospechoso-de-provocar-el-incendio-forestal-deliberado-en-san-juan-de-paluezas\/"},"modified":"2025-09-15T16:05:55","modified_gmt":"2025-09-15T14:05:55","slug":"capturan-al-sospechoso-de-provocar-el-incendio-forestal-deliberado-en-san-juan-de-paluezas","status":"publish","type":"post","link":"https:\/\/987aldia.com\/web\/capturan-al-sospechoso-de-provocar-el-incendio-forestal-deliberado-en-san-juan-de-paluezas\/","title":{"rendered":"\u00abCapturan al sospechoso de provocar el incendio forestal deliberado en San Juan de Paluezas\u00bb"},"content":{"rendered":"<p>En un operativo r\u00e1pido y eficaz, la Guardia Civil logr\u00f3 detener al presunto responsable del incendio forestal intencionado que arras\u00f3 parte de San Juan de Paluezas. Las llamas, que se propagaron con rapidez, provocaron el corte temporal de la carretera, interrumpiendo la circulaci\u00f3n durante aproximadamente media hora mientras los equipos de extinci\u00f3n trabajaban incansablemente para controlar la situaci\u00f3n.<\/p>\n<p>Este lamentable suceso pone de manifiesto la importancia de la pronta intervenci\u00f3n de las autoridades para evitar mayores da\u00f1os tanto en la naturaleza como en la infraestructura. La r\u00e1pida actuaci\u00f3n de la Guardia Civil ha permitido no solo detener al presunto autor, sino tambi\u00e9n minimizar las consecuencias de un incendio que pudo haber tenido consecuencias devastadoras.<\/p>\n<p>Es fundamental recordar la importancia de la prevenci\u00f3n y el cuidado del entorno natural, especialmente en \u00e9pocas de alto riesgo de incendios. La colaboraci\u00f3n ciudadana y el trabajo coordinado entre las diferentes instituciones son clave para preservar nuestros bosques y prevenir tragedias como la que ha tenido lugar en San Juan de Paluezas.<\/p>\n","protected":false},"excerpt":{"rendered":"<p>En un operativo r\u00e1pido y eficaz, la Guardia Civil logr\u00f3 detener al presunto responsable del incendio forestal intencionado que arras\u00f3 parte de San Juan de Paluezas. Las llamas, que se propagaron con rapidez, provocaron el corte temporal de la carretera, interrumpiendo la circulaci\u00f3n durante aproximadamente media hora mientras los equipos de extinci\u00f3n trabajaban incansablemente para [&hellip;]<\/p>\n","protected":false},"author":1,"featured_media":9348,"comment_status":"open","ping_status":"closed","sticky":false,"template":"","format":"standard","meta":{"_monsterinsights_skip_tracking":false,"_monsterinsights_sitenote_active":false,"_monsterinsights_sitenote_note":"","_monsterinsights_sitenote_category":0,"site-container-style":"default","site-container-layout":"default","site-sidebar-layout":"default","disable-article-header":"default","disable-site-header":"default","disable-site-footer":"default","disable-content-area-spacing":"default","_jetpack_memberships_contains_paid_content":false,"footnotes":"","jetpack_publicize_message":"","jetpack_publicize_feature_enabled":true,"jetpack_social_post_already_shared":true,"jetpack_social_options":{"image_generator_settings":{"template":"highway","default_image_id":0,"font":"","enabled":false},"version":2}},"categories":[1],"tags":[],"class_list":["post-9347","post","type-post","status-publish","format-standard","has-post-thumbnail","hentry","category-uncategorized"],"jetpack_publicize_connections":[],"jetpack_featured_media_url":"https:\/\/987aldia.com\/web\/wp-content\/uploads\/2025\/09\/openai-image-1757945155.png","jetpack_sharing_enabled":true,"_links":{"self":[{"href":"https:\/\/987aldia.com\/web\/wp-json\/wp\/v2\/posts\/9347","targetHints":{"allow":["GET"]}}],"collection":[{"href":"https:\/\/987aldia.com\/web\/wp-json\/wp\/v2\/posts"}],"about":[{"href":"https:\/\/987aldia.com\/web\/wp-json\/wp\/v2\/types\/post"}],"author":[{"embeddable":true,"href":"https:\/\/987aldia.com\/web\/wp-json\/wp\/v2\/users\/1"}],"replies":[{"embeddable":true,"href":"https:\/\/987aldia.com\/web\/wp-json\/wp\/v2\/comments?post=9347"}],"version-history":[{"count":0,"href":"https:\/\/987aldia.com\/web\/wp-json\/wp\/v2\/posts\/9347\/revisions"}],"wp:featuredmedia":[{"embeddable":true,"href":"https:\/\/987aldia.com\/web\/wp-json\/wp\/v2\/media\/9348"}],"wp:attachment":[{"href":"https:\/\/987aldia.com\/web\/wp-json\/wp\/v2\/media?parent=9347"}],"wp:term":[{"taxonomy":"category","embeddable":true,"href":"https:\/\/987aldia.com\/web\/wp-json\/wp\/v2\/categories?post=9347"},{"taxonomy":"post_tag","embeddable":true,"href":"https:\/\/987aldia.com\/web\/wp-json\/wp\/v2\/tags?post=9347"}],"curies":[{"name":"wp","href":"https:\/\/api.w.org\/{rel}","templated":true}]}}