{"id":9349,"date":"2025-09-15T18:05:32","date_gmt":"2025-09-15T16:05:32","guid":{"rendered":"https:\/\/987aldia.com\/web\/las-imagenes-del-dia-de-la-cristinizacion-en-bembibre\/"},"modified":"2025-09-15T18:05:32","modified_gmt":"2025-09-15T16:05:32","slug":"las-imagenes-del-dia-de-la-cristinizacion-en-bembibre","status":"publish","type":"post","link":"https:\/\/987aldia.com\/web\/las-imagenes-del-dia-de-la-cristinizacion-en-bembibre\/","title":{"rendered":"Las im\u00e1genes del D\u00eda de la Cristinizaci\u00f3n en Bembibre"},"content":{"rendered":"<p>En la localidad de Bembibre se celebr\u00f3 el tradicional D\u00eda del Crist\u00edn con gran entusiasmo y participaci\u00f3n de los habitantes de la zona. Durante la jornada festiva, se llevaron a cabo diversas actividades y eventos, destacando la tradicional procesi\u00f3n en honor al Cristo de la Luz.<\/p>\n<p>Uno de los momentos m\u00e1s esperados fue la elaboraci\u00f3n y exhibici\u00f3n de los tradicionales \u00abcristinos\u00bb, figuras de pan decoradas con gran maestr\u00eda por los vecinos de la localidad. Estas creaciones art\u00edsticas sorprendieron por su originalidad y detalle, siendo admiradas por todos los presentes.<\/p>\n<p>Adem\u00e1s, no faltaron las actuaciones musicales, danzas folcl\u00f3ricas y actividades para los m\u00e1s peque\u00f1os, quienes disfrutaron de juegos y entretenimiento en un ambiente festivo y familiar.<\/p>\n<p>Las calles de Bembibre se llenaron de color, alegr\u00eda y devoci\u00f3n durante el D\u00eda del Crist\u00edn, mostrando una vez m\u00e1s la tradici\u00f3n y el arraigo de esta festividad en la comunidad. Sin duda, una jornada para recordar y compartir en uni\u00f3n con familiares y amigos.<\/p>\n","protected":false},"excerpt":{"rendered":"<p>En la localidad de Bembibre se celebr\u00f3 el tradicional D\u00eda del Crist\u00edn con gran entusiasmo y participaci\u00f3n de los habitantes de la zona. Durante la jornada festiva, se llevaron a cabo diversas actividades y eventos, destacando la tradicional procesi\u00f3n en honor al Cristo de la Luz. Uno de los momentos m\u00e1s esperados fue la elaboraci\u00f3n [&hellip;]<\/p>\n","protected":false},"author":1,"featured_media":9350,"comment_status":"open","ping_status":"closed","sticky":false,"template":"","format":"standard","meta":{"_monsterinsights_skip_tracking":false,"_monsterinsights_sitenote_active":false,"_monsterinsights_sitenote_note":"","_monsterinsights_sitenote_category":0,"site-container-style":"default","site-container-layout":"default","site-sidebar-layout":"default","disable-article-header":"default","disable-site-header":"default","disable-site-footer":"default","disable-content-area-spacing":"default","_jetpack_memberships_contains_paid_content":false,"footnotes":"","jetpack_publicize_message":"","jetpack_publicize_feature_enabled":true,"jetpack_social_post_already_shared":true,"jetpack_social_options":{"image_generator_settings":{"template":"highway","default_image_id":0,"font":"","enabled":false},"version":2}},"categories":[1],"tags":[],"class_list":["post-9349","post","type-post","status-publish","format-standard","has-post-thumbnail","hentry","category-uncategorized"],"jetpack_publicize_connections":[],"jetpack_featured_media_url":"https:\/\/987aldia.com\/web\/wp-content\/uploads\/2025\/09\/openai-image-1757952332.png","jetpack_sharing_enabled":true,"_links":{"self":[{"href":"https:\/\/987aldia.com\/web\/wp-json\/wp\/v2\/posts\/9349","targetHints":{"allow":["GET"]}}],"collection":[{"href":"https:\/\/987aldia.com\/web\/wp-json\/wp\/v2\/posts"}],"about":[{"href":"https:\/\/987aldia.com\/web\/wp-json\/wp\/v2\/types\/post"}],"author":[{"embeddable":true,"href":"https:\/\/987aldia.com\/web\/wp-json\/wp\/v2\/users\/1"}],"replies":[{"embeddable":true,"href":"https:\/\/987aldia.com\/web\/wp-json\/wp\/v2\/comments?post=9349"}],"version-history":[{"count":0,"href":"https:\/\/987aldia.com\/web\/wp-json\/wp\/v2\/posts\/9349\/revisions"}],"wp:featuredmedia":[{"embeddable":true,"href":"https:\/\/987aldia.com\/web\/wp-json\/wp\/v2\/media\/9350"}],"wp:attachment":[{"href":"https:\/\/987aldia.com\/web\/wp-json\/wp\/v2\/media?parent=9349"}],"wp:term":[{"taxonomy":"category","embeddable":true,"href":"https:\/\/987aldia.com\/web\/wp-json\/wp\/v2\/categories?post=9349"},{"taxonomy":"post_tag","embeddable":true,"href":"https:\/\/987aldia.com\/web\/wp-json\/wp\/v2\/tags?post=9349"}],"curies":[{"name":"wp","href":"https:\/\/api.w.org\/{rel}","templated":true}]}}