{"id":9392,"date":"2025-09-16T20:11:58","date_gmt":"2025-09-16T18:11:58","guid":{"rendered":"https:\/\/987aldia.com\/web\/castilla-y-leon-en-alerta-por-riesgo-de-incendios-forestales-debido-a-condiciones-meteorologicas-extremas\/"},"modified":"2025-09-16T20:11:58","modified_gmt":"2025-09-16T18:11:58","slug":"castilla-y-leon-en-alerta-por-riesgo-de-incendios-forestales-debido-a-condiciones-meteorologicas-extremas","status":"publish","type":"post","link":"https:\/\/987aldia.com\/web\/castilla-y-leon-en-alerta-por-riesgo-de-incendios-forestales-debido-a-condiciones-meteorologicas-extremas\/","title":{"rendered":"Castilla y Le\u00f3n en alerta por riesgo de incendios forestales debido a condiciones meteorol\u00f3gicas extremas"},"content":{"rendered":"<p>La Consejer\u00eda de Medio Ambiente, Vivienda y Ordenaci\u00f3n del Territorio de la Junta de Castilla y Le\u00f3n ha declarado una situaci\u00f3n de alerta por riesgo de incendios forestales en toda la comunidad, debido a las condiciones meteorol\u00f3gicas adversas previstas para los d\u00edas 17 al 19 de septiembre de 2025. Este anuncio se realiza en colaboraci\u00f3n con la Agencia Estatal de Meteorolog\u00eda (AEMET) y el Operativo de Prevenci\u00f3n y Extinci\u00f3n de Incendios Forestales de Castilla y Le\u00f3n (INFOCAL).<\/p>\n<h2>Condiciones meteorol\u00f3gicas extremas<\/h2>\n<p>Seg\u00fan los datos proporcionados por la AEMET, se esperan temperaturas m\u00e1ximas que oscilar\u00e1n entre los 30 y 35 grados cent\u00edgrados, acompa\u00f1adas de una humedad relativa m\u00ednima por debajo del 15%. Adem\u00e1s, se prev\u00e9n vientos con rachas de entre 30 y 35 km\/h, que podr\u00edan superar los 50 km\/h en algunas zonas, lo que incrementa significativamente el riesgo de incendios.<\/p>\n<p>Estas condiciones clim\u00e1ticas extremas han llevado a las autoridades a tomar medidas preventivas para minimizar el riesgo de incendios forestales, que podr\u00edan tener consecuencias devastadoras para la regi\u00f3n.<\/p>\n<h2>Medidas de prevenci\u00f3n y prohibiciones<\/h2>\n<p>La Junta de Castilla y Le\u00f3n ha emitido una serie de recomendaciones y prohibiciones para los d\u00edas de alerta. Entre ellas, se incluye la prohibici\u00f3n de realizar quemas agr\u00edcolas y forestales, as\u00ed como la restricci\u00f3n de actividades que puedan generar chispas o llamas en \u00e1reas forestales y sus proximidades. Tambi\u00e9n se ha pedido a la poblaci\u00f3n que extreme las precauciones al realizar actividades al aire libre y que evite el uso de maquinaria que pueda provocar incendios.<\/p>\n<p>El Operativo de Prevenci\u00f3n y Extinci\u00f3n de Incendios Forestales de Castilla y Le\u00f3n (INFOCAL) ha sido activado en su m\u00e1xima capacidad, con equipos preparados para intervenir de manera r\u00e1pida y eficaz en caso de que se produzca un incendio. Adem\u00e1s, se ha reforzado la vigilancia en las zonas m\u00e1s vulnerables y se ha intensificado la comunicaci\u00f3n con los municipios para garantizar una respuesta coordinada.<\/p>\n<h2>Impacto y pr\u00f3ximos pasos<\/h2>\n<p>La declaraci\u00f3n de alerta tiene un impacto significativo en las actividades diarias de los habitantes de Castilla y Le\u00f3n, especialmente en las \u00e1reas rurales y forestales. Las autoridades han instado a la poblaci\u00f3n a colaborar siguiendo las recomendaciones y reportando cualquier indicio de incendio a las autoridades competentes.<\/p>\n<p>En los pr\u00f3ximos d\u00edas, se espera que las condiciones meteorol\u00f3gicas sean monitoreadas de cerca por la AEMET y la Junta de Castilla y Le\u00f3n, quienes evaluar\u00e1n la situaci\u00f3n y decidir\u00e1n si es necesario extender las medidas de alerta o si pueden levantarse las restricciones. La colaboraci\u00f3n ciudadana y la r\u00e1pida respuesta de los equipos de emergencia ser\u00e1n cruciales para prevenir posibles incendios y proteger el patrimonio natural de la regi\u00f3n.<\/p>\n","protected":false},"excerpt":{"rendered":"<p>La Junta de Castilla y Le\u00f3n emite advertencias y medidas preventivas ante el aumento de temperaturas y vientos fuertes del 17 al 19 de septiembre de 2025.<\/p>\n","protected":false},"author":1,"featured_media":9393,"comment_status":"open","ping_status":"closed","sticky":false,"template":"","format":"standard","meta":{"_monsterinsights_skip_tracking":false,"_monsterinsights_sitenote_active":false,"_monsterinsights_sitenote_note":"","_monsterinsights_sitenote_category":0,"site-container-style":"default","site-container-layout":"default","site-sidebar-layout":"default","disable-article-header":"default","disable-site-header":"default","disable-site-footer":"default","disable-content-area-spacing":"default","_jetpack_memberships_contains_paid_content":false,"footnotes":"","jetpack_publicize_message":"","jetpack_publicize_feature_enabled":true,"jetpack_social_post_already_shared":true,"jetpack_social_options":{"image_generator_settings":{"template":"highway","default_image_id":0,"font":"","enabled":false},"version":2}},"categories":[1],"tags":[],"class_list":["post-9392","post","type-post","status-publish","format-standard","has-post-thumbnail","hentry","category-uncategorized"],"jetpack_publicize_connections":[],"jetpack_featured_media_url":"https:\/\/987aldia.com\/web\/wp-content\/uploads\/2025\/09\/especialidad_image_20250916_180929_XSwddR.png","jetpack_sharing_enabled":true,"_links":{"self":[{"href":"https:\/\/987aldia.com\/web\/wp-json\/wp\/v2\/posts\/9392","targetHints":{"allow":["GET"]}}],"collection":[{"href":"https:\/\/987aldia.com\/web\/wp-json\/wp\/v2\/posts"}],"about":[{"href":"https:\/\/987aldia.com\/web\/wp-json\/wp\/v2\/types\/post"}],"author":[{"embeddable":true,"href":"https:\/\/987aldia.com\/web\/wp-json\/wp\/v2\/users\/1"}],"replies":[{"embeddable":true,"href":"https:\/\/987aldia.com\/web\/wp-json\/wp\/v2\/comments?post=9392"}],"version-history":[{"count":0,"href":"https:\/\/987aldia.com\/web\/wp-json\/wp\/v2\/posts\/9392\/revisions"}],"wp:featuredmedia":[{"embeddable":true,"href":"https:\/\/987aldia.com\/web\/wp-json\/wp\/v2\/media\/9393"}],"wp:attachment":[{"href":"https:\/\/987aldia.com\/web\/wp-json\/wp\/v2\/media?parent=9392"}],"wp:term":[{"taxonomy":"category","embeddable":true,"href":"https:\/\/987aldia.com\/web\/wp-json\/wp\/v2\/categories?post=9392"},{"taxonomy":"post_tag","embeddable":true,"href":"https:\/\/987aldia.com\/web\/wp-json\/wp\/v2\/tags?post=9392"}],"curies":[{"name":"wp","href":"https:\/\/api.w.org\/{rel}","templated":true}]}}