{"id":9394,"date":"2025-09-16T20:16:24","date_gmt":"2025-09-16T18:16:24","guid":{"rendered":"https:\/\/987aldia.com\/web\/castilla-y-leon-preve-elecciones-autonomicas-para-marzo-de-2026\/"},"modified":"2025-09-16T20:16:24","modified_gmt":"2025-09-16T18:16:24","slug":"castilla-y-leon-preve-elecciones-autonomicas-para-marzo-de-2026","status":"publish","type":"post","link":"https:\/\/987aldia.com\/web\/castilla-y-leon-preve-elecciones-autonomicas-para-marzo-de-2026\/","title":{"rendered":"Castilla y Le\u00f3n prev\u00e9 elecciones auton\u00f3micas para marzo de 2026"},"content":{"rendered":"<p>Castilla y Le\u00f3n se prepara para celebrar sus elecciones auton\u00f3micas, con el 15 de marzo de 2026 como la fecha m\u00e1s probable, seg\u00fan ha declarado Francisco V\u00e1zquez, secretario auton\u00f3mico del Partido Popular. Esta afirmaci\u00f3n coincide con lo expresado anteriormente por el presidente de la Junta, Alfonso Fern\u00e1ndez Ma\u00f1ueco, en una entrevista en 13TV.<\/p>\n<p>Sin embargo, fuentes del Partido Popular han aclarado que las palabras de V\u00e1zquez no constituyen una confirmaci\u00f3n oficial de la fecha. Han insistido en que se trata de un c\u00e1lculo aproximado, sujeto a cambios. La \u00fanica circunstancia que podr\u00eda alterar esta fecha ser\u00eda la convocatoria de elecciones generales por parte del presidente del Gobierno, Pedro S\u00e1nchez, lo que podr\u00eda llevar a unificar ambos comicios.<\/p>\n<p>Hasta el momento, no se ha emitido ninguna comunicaci\u00f3n oficial por parte del Partido Popular, ni de Fern\u00e1ndez Ma\u00f1ueco ni de V\u00e1zquez, respecto a la fecha definitiva de las elecciones auton\u00f3micas en Castilla y Le\u00f3n. La situaci\u00f3n sigue siendo incierta, a la espera de posibles anuncios oficiales que confirmen o modifiquen la fecha propuesta.<\/p>\n","protected":false},"excerpt":{"rendered":"<p>El Partido Popular se\u00f1ala el 15 de marzo como fecha probable, aunque no confirmada.<\/p>\n","protected":false},"author":1,"featured_media":9395,"comment_status":"open","ping_status":"closed","sticky":false,"template":"","format":"standard","meta":{"_monsterinsights_skip_tracking":false,"_monsterinsights_sitenote_active":false,"_monsterinsights_sitenote_note":"","_monsterinsights_sitenote_category":0,"site-container-style":"default","site-container-layout":"default","site-sidebar-layout":"default","disable-article-header":"default","disable-site-header":"default","disable-site-footer":"default","disable-content-area-spacing":"default","_jetpack_memberships_contains_paid_content":false,"footnotes":"","jetpack_publicize_message":"","jetpack_publicize_feature_enabled":true,"jetpack_social_post_already_shared":true,"jetpack_social_options":{"image_generator_settings":{"template":"highway","default_image_id":0,"font":"","enabled":false},"version":2}},"categories":[1],"tags":[],"class_list":["post-9394","post","type-post","status-publish","format-standard","has-post-thumbnail","hentry","category-uncategorized"],"jetpack_publicize_connections":[],"jetpack_featured_media_url":"https:\/\/987aldia.com\/web\/wp-content\/uploads\/2025\/09\/articulo_20250916_181612_omG5mP.jpg","jetpack_sharing_enabled":true,"_links":{"self":[{"href":"https:\/\/987aldia.com\/web\/wp-json\/wp\/v2\/posts\/9394","targetHints":{"allow":["GET"]}}],"collection":[{"href":"https:\/\/987aldia.com\/web\/wp-json\/wp\/v2\/posts"}],"about":[{"href":"https:\/\/987aldia.com\/web\/wp-json\/wp\/v2\/types\/post"}],"author":[{"embeddable":true,"href":"https:\/\/987aldia.com\/web\/wp-json\/wp\/v2\/users\/1"}],"replies":[{"embeddable":true,"href":"https:\/\/987aldia.com\/web\/wp-json\/wp\/v2\/comments?post=9394"}],"version-history":[{"count":0,"href":"https:\/\/987aldia.com\/web\/wp-json\/wp\/v2\/posts\/9394\/revisions"}],"wp:featuredmedia":[{"embeddable":true,"href":"https:\/\/987aldia.com\/web\/wp-json\/wp\/v2\/media\/9395"}],"wp:attachment":[{"href":"https:\/\/987aldia.com\/web\/wp-json\/wp\/v2\/media?parent=9394"}],"wp:term":[{"taxonomy":"category","embeddable":true,"href":"https:\/\/987aldia.com\/web\/wp-json\/wp\/v2\/categories?post=9394"},{"taxonomy":"post_tag","embeddable":true,"href":"https:\/\/987aldia.com\/web\/wp-json\/wp\/v2\/tags?post=9394"}],"curies":[{"name":"wp","href":"https:\/\/api.w.org\/{rel}","templated":true}]}}