{"id":9396,"date":"2025-09-16T22:05:27","date_gmt":"2025-09-16T20:05:27","guid":{"rendered":"https:\/\/987aldia.com\/web\/castilla-y-leon-no-acepta-propuesta-de-puente-sobre-mapa-de-transportes-y-pide-discutirlo-en-la-conferencia-sectorial\/"},"modified":"2025-09-16T22:05:27","modified_gmt":"2025-09-16T20:05:27","slug":"castilla-y-leon-no-acepta-propuesta-de-puente-sobre-mapa-de-transportes-y-pide-discutirlo-en-la-conferencia-sectorial","status":"publish","type":"post","link":"https:\/\/987aldia.com\/web\/castilla-y-leon-no-acepta-propuesta-de-puente-sobre-mapa-de-transportes-y-pide-discutirlo-en-la-conferencia-sectorial\/","title":{"rendered":"Castilla y Le\u00f3n no acepta propuesta de Puente sobre mapa de transportes y pide discutirlo en la Conferencia Sectorial."},"content":{"rendered":"<p>La tensi\u00f3n entre la Junta de Castilla y Le\u00f3n y el Ministerio de Transportes ha alcanzado un nuevo punto \u00e1lgido tras el rechazo por parte de la comunidad aut\u00f3noma al plan propuesto por el ministro Jos\u00e9 Luis \u00c1balos. Seg\u00fan fuentes de la Junta, el plan presentado por el Gobierno central carece de una financiaci\u00f3n \u00abadecuada\u00bb y solo contempla un horizonte temporal de dos a\u00f1os.<\/p>\n<p>Ante esta situaci\u00f3n, desde Castilla y Le\u00f3n se ha instado a que las negociaciones sobre el mapa de transportes se trasladen a la Conferencia Sectorial correspondiente, en un intento por buscar un consenso que satisfaga las necesidades de la regi\u00f3n. La postura de la Junta es clara: se demanda un plan que garantice una financiaci\u00f3n suficiente a largo plazo para poder afrontar los retos en materia de transporte de manera efectiva.<\/p>\n<p>La discrepancia entre ambas partes pone de manifiesto las diferencias de criterio en torno a las pol\u00edticas de transporte y movilidad, generando un escenario de incertidumbre respecto al futuro de las infraestructuras y servicios en Castilla y Le\u00f3n. La negociaci\u00f3n en la Conferencia Sectorial se presenta como el escenario id\u00f3neo para buscar soluciones consensuadas que beneficien a la ciudadan\u00eda y garanticen un desarrollo equitativo en materia de transporte en la regi\u00f3n.<\/p>\n","protected":false},"excerpt":{"rendered":"<p>La tensi\u00f3n entre la Junta de Castilla y Le\u00f3n y el Ministerio de Transportes ha alcanzado un nuevo punto \u00e1lgido tras el rechazo por parte de la comunidad aut\u00f3noma al plan propuesto por el ministro Jos\u00e9 Luis \u00c1balos. Seg\u00fan fuentes de la Junta, el plan presentado por el Gobierno central carece de una financiaci\u00f3n \u00abadecuada\u00bb [&hellip;]<\/p>\n","protected":false},"author":1,"featured_media":9397,"comment_status":"open","ping_status":"closed","sticky":false,"template":"","format":"standard","meta":{"_monsterinsights_skip_tracking":false,"_monsterinsights_sitenote_active":false,"_monsterinsights_sitenote_note":"","_monsterinsights_sitenote_category":0,"site-container-style":"default","site-container-layout":"default","site-sidebar-layout":"default","disable-article-header":"default","disable-site-header":"default","disable-site-footer":"default","disable-content-area-spacing":"default","_jetpack_memberships_contains_paid_content":false,"footnotes":"","jetpack_publicize_message":"","jetpack_publicize_feature_enabled":true,"jetpack_social_post_already_shared":true,"jetpack_social_options":{"image_generator_settings":{"template":"highway","default_image_id":0,"font":"","enabled":false},"version":2}},"categories":[1],"tags":[],"class_list":["post-9396","post","type-post","status-publish","format-standard","has-post-thumbnail","hentry","category-uncategorized"],"jetpack_publicize_connections":[],"jetpack_featured_media_url":"https:\/\/987aldia.com\/web\/wp-content\/uploads\/2025\/09\/openai-image-1758053127.png","jetpack_sharing_enabled":true,"_links":{"self":[{"href":"https:\/\/987aldia.com\/web\/wp-json\/wp\/v2\/posts\/9396","targetHints":{"allow":["GET"]}}],"collection":[{"href":"https:\/\/987aldia.com\/web\/wp-json\/wp\/v2\/posts"}],"about":[{"href":"https:\/\/987aldia.com\/web\/wp-json\/wp\/v2\/types\/post"}],"author":[{"embeddable":true,"href":"https:\/\/987aldia.com\/web\/wp-json\/wp\/v2\/users\/1"}],"replies":[{"embeddable":true,"href":"https:\/\/987aldia.com\/web\/wp-json\/wp\/v2\/comments?post=9396"}],"version-history":[{"count":0,"href":"https:\/\/987aldia.com\/web\/wp-json\/wp\/v2\/posts\/9396\/revisions"}],"wp:featuredmedia":[{"embeddable":true,"href":"https:\/\/987aldia.com\/web\/wp-json\/wp\/v2\/media\/9397"}],"wp:attachment":[{"href":"https:\/\/987aldia.com\/web\/wp-json\/wp\/v2\/media?parent=9396"}],"wp:term":[{"taxonomy":"category","embeddable":true,"href":"https:\/\/987aldia.com\/web\/wp-json\/wp\/v2\/categories?post=9396"},{"taxonomy":"post_tag","embeddable":true,"href":"https:\/\/987aldia.com\/web\/wp-json\/wp\/v2\/tags?post=9396"}],"curies":[{"name":"wp","href":"https:\/\/api.w.org\/{rel}","templated":true}]}}