{"id":9398,"date":"2025-09-17T00:05:39","date_gmt":"2025-09-16T22:05:39","guid":{"rendered":"https:\/\/987aldia.com\/web\/cuatro-implicados-en-pelea-con-armas-blancas-dos-detenidos-y-dos-identificados-2\/"},"modified":"2025-09-17T00:05:39","modified_gmt":"2025-09-16T22:05:39","slug":"cuatro-implicados-en-pelea-con-armas-blancas-dos-detenidos-y-dos-identificados-2","status":"publish","type":"post","link":"https:\/\/987aldia.com\/web\/cuatro-implicados-en-pelea-con-armas-blancas-dos-detenidos-y-dos-identificados-2\/","title":{"rendered":"Cuatro implicados en pelea con armas blancas: dos detenidos y dos identificados"},"content":{"rendered":"<p>En una madrugada marcada por la violencia, dos j\u00f3venes de 18 a\u00f1os fueron detenidos y otros dos, de 23 y 22 a\u00f1os, fueron identificados en Valladolid despu\u00e9s de protagonizar una pelea donde se utilizaban armas blancas como catanas, machetes y barras. Los hechos, que han conmocionado a la comunidad local, tuvieron lugar en un altercado que puso en riesgo la seguridad de los ciudadanos.<\/p>\n<p>La actuaci\u00f3n de las autoridades permiti\u00f3 poner fin a la situaci\u00f3n de peligro y proceder a la detenci\u00f3n de los responsables, quienes ahora enfrentar\u00e1n las consecuencias legales de sus actos. Este suceso ha generado preocupaci\u00f3n en la sociedad vallisoletana, que exige medidas para prevenir y combatir la violencia callejera que pone en riesgo la convivencia pac\u00edfica en la ciudad.<\/p>\n<p>Las investigaciones contin\u00faan para esclarecer los motivos que desencadenaron esta pelea y determinar si existen m\u00e1s implicados en el incidente. Las autoridades locales hacen un llamado a la calma y a la colaboraci\u00f3n ciudadana para evitar situaciones de conflicto que puedan derivar en actos violentos como los ocurridos esta madrugada en Valladolid.<\/p>\n","protected":false},"excerpt":{"rendered":"<p>En una madrugada marcada por la violencia, dos j\u00f3venes de 18 a\u00f1os fueron detenidos y otros dos, de 23 y 22 a\u00f1os, fueron identificados en Valladolid despu\u00e9s de protagonizar una pelea donde se utilizaban armas blancas como catanas, machetes y barras. Los hechos, que han conmocionado a la comunidad local, tuvieron lugar en un altercado [&hellip;]<\/p>\n","protected":false},"author":1,"featured_media":0,"comment_status":"open","ping_status":"closed","sticky":false,"template":"","format":"standard","meta":{"_monsterinsights_skip_tracking":false,"_monsterinsights_sitenote_active":false,"_monsterinsights_sitenote_note":"","_monsterinsights_sitenote_category":0,"site-container-style":"default","site-container-layout":"default","site-sidebar-layout":"default","disable-article-header":"default","disable-site-header":"default","disable-site-footer":"default","disable-content-area-spacing":"default","_jetpack_memberships_contains_paid_content":false,"footnotes":"","jetpack_publicize_message":"","jetpack_publicize_feature_enabled":true,"jetpack_social_post_already_shared":true,"jetpack_social_options":{"image_generator_settings":{"template":"highway","default_image_id":0,"font":"","enabled":false},"version":2}},"categories":[1],"tags":[],"class_list":["post-9398","post","type-post","status-publish","format-standard","hentry","category-uncategorized"],"jetpack_publicize_connections":[],"jetpack_featured_media_url":"","jetpack_sharing_enabled":true,"_links":{"self":[{"href":"https:\/\/987aldia.com\/web\/wp-json\/wp\/v2\/posts\/9398","targetHints":{"allow":["GET"]}}],"collection":[{"href":"https:\/\/987aldia.com\/web\/wp-json\/wp\/v2\/posts"}],"about":[{"href":"https:\/\/987aldia.com\/web\/wp-json\/wp\/v2\/types\/post"}],"author":[{"embeddable":true,"href":"https:\/\/987aldia.com\/web\/wp-json\/wp\/v2\/users\/1"}],"replies":[{"embeddable":true,"href":"https:\/\/987aldia.com\/web\/wp-json\/wp\/v2\/comments?post=9398"}],"version-history":[{"count":0,"href":"https:\/\/987aldia.com\/web\/wp-json\/wp\/v2\/posts\/9398\/revisions"}],"wp:attachment":[{"href":"https:\/\/987aldia.com\/web\/wp-json\/wp\/v2\/media?parent=9398"}],"wp:term":[{"taxonomy":"category","embeddable":true,"href":"https:\/\/987aldia.com\/web\/wp-json\/wp\/v2\/categories?post=9398"},{"taxonomy":"post_tag","embeddable":true,"href":"https:\/\/987aldia.com\/web\/wp-json\/wp\/v2\/tags?post=9398"}],"curies":[{"name":"wp","href":"https:\/\/api.w.org\/{rel}","templated":true}]}}