{"id":9405,"date":"2025-09-17T08:05:28","date_gmt":"2025-09-17T06:05:28","guid":{"rendered":"https:\/\/987aldia.com\/web\/la-uned-en-la-baneza-da-inicio-al-nuevo-curso-academico-desde-su-aula\/"},"modified":"2025-09-17T08:05:28","modified_gmt":"2025-09-17T06:05:28","slug":"la-uned-en-la-baneza-da-inicio-al-nuevo-curso-academico-desde-su-aula","status":"publish","type":"post","link":"https:\/\/987aldia.com\/web\/la-uned-en-la-baneza-da-inicio-al-nuevo-curso-academico-desde-su-aula\/","title":{"rendered":"\u00a1La Uned en La Ba\u00f1eza da inicio al nuevo curso acad\u00e9mico desde su aula!"},"content":{"rendered":"<p>En un acto solemne, el aula de la Universidad Nacional de Educaci\u00f3n a Distancia (UNED) en La Ba\u00f1eza ha dado inicio al nuevo curso acad\u00e9mico. El alcalde de la ciudad, en su discurso de apertura, ha destacado la importancia que La Ba\u00f1eza otorga a la educaci\u00f3n y la formaci\u00f3n como fundamentos para el progreso y desarrollo local.<\/p>\n<p>Con la presencia de autoridades acad\u00e9micas, estudiantes y vecinos, la ceremonia ha estado marcada por un ambiente de entusiasmo y compromiso con la excelencia educativa. La UNED, con su oferta de estudios a distancia, se consolida como una opci\u00f3n accesible para aquellos que buscan ampliar sus conocimientos y habilidades sin tener que desplazarse.<\/p>\n<p>La apuesta de La Ba\u00f1eza por la educaci\u00f3n como motor de transformaci\u00f3n social se refleja en la creciente matr\u00edcula de estudiantes y en la diversidad de programas acad\u00e9micos que se ofrecen en el aula universitaria. Sin duda, la ciudad se posiciona como un referente en la promoci\u00f3n de la educaci\u00f3n como herramienta para el crecimiento personal y colectivo.<\/p>\n<p>Con el inicio de este nuevo curso, se abre un abanico de oportunidades para todos aquellos que buscan superarse y adquirir nuevos conocimientos. La UNED en La Ba\u00f1eza se convierte as\u00ed en un espacio de encuentro y aprendizaje, donde la comunidad educativa se une en un mismo prop\u00f3sito: construir un futuro basado en el saber y la formaci\u00f3n continua.<\/p>\n","protected":false},"excerpt":{"rendered":"<p>En un acto solemne, el aula de la Universidad Nacional de Educaci\u00f3n a Distancia (UNED) en La Ba\u00f1eza ha dado inicio al nuevo curso acad\u00e9mico. El alcalde de la ciudad, en su discurso de apertura, ha destacado la importancia que La Ba\u00f1eza otorga a la educaci\u00f3n y la formaci\u00f3n como fundamentos para el progreso y [&hellip;]<\/p>\n","protected":false},"author":1,"featured_media":9406,"comment_status":"open","ping_status":"closed","sticky":false,"template":"","format":"standard","meta":{"_monsterinsights_skip_tracking":false,"_monsterinsights_sitenote_active":false,"_monsterinsights_sitenote_note":"","_monsterinsights_sitenote_category":0,"site-container-style":"default","site-container-layout":"default","site-sidebar-layout":"default","disable-article-header":"default","disable-site-header":"default","disable-site-footer":"default","disable-content-area-spacing":"default","_jetpack_memberships_contains_paid_content":false,"footnotes":"","jetpack_publicize_message":"","jetpack_publicize_feature_enabled":true,"jetpack_social_post_already_shared":true,"jetpack_social_options":{"image_generator_settings":{"template":"highway","default_image_id":0,"font":"","enabled":false},"version":2}},"categories":[1],"tags":[],"class_list":["post-9405","post","type-post","status-publish","format-standard","has-post-thumbnail","hentry","category-uncategorized"],"jetpack_publicize_connections":[],"jetpack_featured_media_url":"https:\/\/987aldia.com\/web\/wp-content\/uploads\/2025\/09\/openai-image-1758089128.png","jetpack_sharing_enabled":true,"_links":{"self":[{"href":"https:\/\/987aldia.com\/web\/wp-json\/wp\/v2\/posts\/9405","targetHints":{"allow":["GET"]}}],"collection":[{"href":"https:\/\/987aldia.com\/web\/wp-json\/wp\/v2\/posts"}],"about":[{"href":"https:\/\/987aldia.com\/web\/wp-json\/wp\/v2\/types\/post"}],"author":[{"embeddable":true,"href":"https:\/\/987aldia.com\/web\/wp-json\/wp\/v2\/users\/1"}],"replies":[{"embeddable":true,"href":"https:\/\/987aldia.com\/web\/wp-json\/wp\/v2\/comments?post=9405"}],"version-history":[{"count":0,"href":"https:\/\/987aldia.com\/web\/wp-json\/wp\/v2\/posts\/9405\/revisions"}],"wp:featuredmedia":[{"embeddable":true,"href":"https:\/\/987aldia.com\/web\/wp-json\/wp\/v2\/media\/9406"}],"wp:attachment":[{"href":"https:\/\/987aldia.com\/web\/wp-json\/wp\/v2\/media?parent=9405"}],"wp:term":[{"taxonomy":"category","embeddable":true,"href":"https:\/\/987aldia.com\/web\/wp-json\/wp\/v2\/categories?post=9405"},{"taxonomy":"post_tag","embeddable":true,"href":"https:\/\/987aldia.com\/web\/wp-json\/wp\/v2\/tags?post=9405"}],"curies":[{"name":"wp","href":"https:\/\/api.w.org\/{rel}","templated":true}]}}