{"id":9417,"date":"2025-09-17T20:05:22","date_gmt":"2025-09-17T18:05:22","guid":{"rendered":"https:\/\/987aldia.com\/web\/encuentran-sin-vida-al-montanista-de-68-anos-desaparecido-en-las-cercanias-del-pico-gilbo\/"},"modified":"2025-09-17T20:05:22","modified_gmt":"2025-09-17T18:05:22","slug":"encuentran-sin-vida-al-montanista-de-68-anos-desaparecido-en-las-cercanias-del-pico-gilbo","status":"publish","type":"post","link":"https:\/\/987aldia.com\/web\/encuentran-sin-vida-al-montanista-de-68-anos-desaparecido-en-las-cercanias-del-pico-gilbo\/","title":{"rendered":"Encuentran sin vida al monta\u00f1ista de 68 a\u00f1os desaparecido en las cercan\u00edas del pico Gilbo."},"content":{"rendered":"<p>En un desenlace tr\u00e1gico, finalmente ha sido localizado el monta\u00f1ero de 68 a\u00f1os que se encontraba perdido en el entorno del pico Gilbo. El operativo de b\u00fasqueda se puso en marcha a las 10.29 horas, luego de que la Guardia Civil de Le\u00f3n contactara con la sala de operaciones del 112 Castilla y Le\u00f3n para solicitar ayuda en la b\u00fasqueda del senderista extraviado.<\/p>\n<p>Tras horas de intensa b\u00fasqueda y coordinaci\u00f3n entre las autoridades competentes, se logr\u00f3 dar con el cuerpo sin vida del monta\u00f1ero, poniendo fin a la angustiante incertidumbre que hab\u00eda mantenido en vilo a familiares, amigos y a la comunidad monta\u00f1era en general.<\/p>\n<p>Este tr\u00e1gico suceso pone de manifiesto una vez m\u00e1s los riesgos que implica la pr\u00e1ctica del monta\u00f1ismo y la importancia de extremar las medidas de seguridad al adentrarse en entornos naturales. Nuestro m\u00e1s sentido p\u00e9same a los seres queridos del monta\u00f1ero fallecido, cuya pasi\u00f3n por la monta\u00f1a lo llev\u00f3 a explorar senderos que, en esta ocasi\u00f3n, culminaron en la tragedia.<\/p>\n","protected":false},"excerpt":{"rendered":"<p>En un desenlace tr\u00e1gico, finalmente ha sido localizado el monta\u00f1ero de 68 a\u00f1os que se encontraba perdido en el entorno del pico Gilbo. El operativo de b\u00fasqueda se puso en marcha a las 10.29 horas, luego de que la Guardia Civil de Le\u00f3n contactara con la sala de operaciones del 112 Castilla y Le\u00f3n para [&hellip;]<\/p>\n","protected":false},"author":1,"featured_media":0,"comment_status":"open","ping_status":"closed","sticky":false,"template":"","format":"standard","meta":{"_monsterinsights_skip_tracking":false,"_monsterinsights_sitenote_active":false,"_monsterinsights_sitenote_note":"","_monsterinsights_sitenote_category":0,"site-container-style":"default","site-container-layout":"default","site-sidebar-layout":"default","disable-article-header":"default","disable-site-header":"default","disable-site-footer":"default","disable-content-area-spacing":"default","_jetpack_memberships_contains_paid_content":false,"footnotes":"","jetpack_publicize_message":"","jetpack_publicize_feature_enabled":true,"jetpack_social_post_already_shared":true,"jetpack_social_options":{"image_generator_settings":{"template":"highway","default_image_id":0,"font":"","enabled":false},"version":2}},"categories":[1],"tags":[],"class_list":["post-9417","post","type-post","status-publish","format-standard","hentry","category-uncategorized"],"jetpack_publicize_connections":[],"jetpack_featured_media_url":"","jetpack_sharing_enabled":true,"_links":{"self":[{"href":"https:\/\/987aldia.com\/web\/wp-json\/wp\/v2\/posts\/9417","targetHints":{"allow":["GET"]}}],"collection":[{"href":"https:\/\/987aldia.com\/web\/wp-json\/wp\/v2\/posts"}],"about":[{"href":"https:\/\/987aldia.com\/web\/wp-json\/wp\/v2\/types\/post"}],"author":[{"embeddable":true,"href":"https:\/\/987aldia.com\/web\/wp-json\/wp\/v2\/users\/1"}],"replies":[{"embeddable":true,"href":"https:\/\/987aldia.com\/web\/wp-json\/wp\/v2\/comments?post=9417"}],"version-history":[{"count":0,"href":"https:\/\/987aldia.com\/web\/wp-json\/wp\/v2\/posts\/9417\/revisions"}],"wp:attachment":[{"href":"https:\/\/987aldia.com\/web\/wp-json\/wp\/v2\/media?parent=9417"}],"wp:term":[{"taxonomy":"category","embeddable":true,"href":"https:\/\/987aldia.com\/web\/wp-json\/wp\/v2\/categories?post=9417"},{"taxonomy":"post_tag","embeddable":true,"href":"https:\/\/987aldia.com\/web\/wp-json\/wp\/v2\/tags?post=9417"}],"curies":[{"name":"wp","href":"https:\/\/api.w.org\/{rel}","templated":true}]}}