{"id":9418,"date":"2025-09-17T22:05:42","date_gmt":"2025-09-17T20:05:42","guid":{"rendered":"https:\/\/987aldia.com\/web\/la-baneza-continua-con-la-ampliacion-de-la-n-vi-se-iniciaran-obras-en-6-km-adicionales\/"},"modified":"2025-09-17T22:05:42","modified_gmt":"2025-09-17T20:05:42","slug":"la-baneza-continua-con-la-ampliacion-de-la-n-vi-se-iniciaran-obras-en-6-km-adicionales","status":"publish","type":"post","link":"https:\/\/987aldia.com\/web\/la-baneza-continua-con-la-ampliacion-de-la-n-vi-se-iniciaran-obras-en-6-km-adicionales\/","title":{"rendered":"La Ba\u00f1eza contin\u00faa con la ampliaci\u00f3n de la N-VI: se iniciar\u00e1n obras en 6 km adicionales"},"content":{"rendered":"<p>En un esfuerzo por mejorar la infraestructura vial en la regi\u00f3n, el municipio de La Ba\u00f1eza ha anunciado el inicio de obras en un tramo adicional de 6 kil\u00f3metros de la N-VI. Estas obras, que buscan optimizar la seguridad vial y facilitar el tr\u00e1nsito de veh\u00edculos en esta importante carretera, representan un paso adelante en el compromiso del ayuntamiento por el bienestar de sus ciudadanos y visitantes.<\/p>\n<p>Con esta iniciativa, se espera que se reduzcan los tiempos de desplazamiento y se mejore la conectividad de la zona, lo que sin duda beneficiar\u00e1 tanto a los residentes locales como a aquellos que transitan por esta ruta de manera habitual. La inversi\u00f3n en infraestructura vial es fundamental para el desarrollo y progreso de cualquier comunidad, y La Ba\u00f1eza demuestra con estas acciones su compromiso con la modernizaci\u00f3n y el crecimiento sostenible.<\/p>\n<p>Los trabajos en estos 6 kil\u00f3metros de la N-VI son solo el inicio de un plan m\u00e1s amplio de mejoras viales que el municipio tiene previsto llevar a cabo en los pr\u00f3ximos meses, lo que sin duda contribuir\u00e1 a fortalecer la red de carreteras y autopistas de la regi\u00f3n. La poblaci\u00f3n de La Ba\u00f1eza y sus alrededores pueden esperar un futuro m\u00e1s seguro y eficiente en materia de transporte, gracias a estas importantes obras de infraestructura.<\/p>\n","protected":false},"excerpt":{"rendered":"<p>En un esfuerzo por mejorar la infraestructura vial en la regi\u00f3n, el municipio de La Ba\u00f1eza ha anunciado el inicio de obras en un tramo adicional de 6 kil\u00f3metros de la N-VI. Estas obras, que buscan optimizar la seguridad vial y facilitar el tr\u00e1nsito de veh\u00edculos en esta importante carretera, representan un paso adelante en [&hellip;]<\/p>\n","protected":false},"author":1,"featured_media":9419,"comment_status":"open","ping_status":"closed","sticky":false,"template":"","format":"standard","meta":{"_monsterinsights_skip_tracking":false,"_monsterinsights_sitenote_active":false,"_monsterinsights_sitenote_note":"","_monsterinsights_sitenote_category":0,"site-container-style":"default","site-container-layout":"default","site-sidebar-layout":"default","disable-article-header":"default","disable-site-header":"default","disable-site-footer":"default","disable-content-area-spacing":"default","_jetpack_memberships_contains_paid_content":false,"footnotes":"","jetpack_publicize_message":"","jetpack_publicize_feature_enabled":true,"jetpack_social_post_already_shared":true,"jetpack_social_options":{"image_generator_settings":{"template":"highway","default_image_id":0,"font":"","enabled":false},"version":2}},"categories":[1],"tags":[],"class_list":["post-9418","post","type-post","status-publish","format-standard","has-post-thumbnail","hentry","category-uncategorized"],"jetpack_publicize_connections":[],"jetpack_featured_media_url":"https:\/\/987aldia.com\/web\/wp-content\/uploads\/2025\/09\/openai-image-1758139542.png","jetpack_sharing_enabled":true,"_links":{"self":[{"href":"https:\/\/987aldia.com\/web\/wp-json\/wp\/v2\/posts\/9418","targetHints":{"allow":["GET"]}}],"collection":[{"href":"https:\/\/987aldia.com\/web\/wp-json\/wp\/v2\/posts"}],"about":[{"href":"https:\/\/987aldia.com\/web\/wp-json\/wp\/v2\/types\/post"}],"author":[{"embeddable":true,"href":"https:\/\/987aldia.com\/web\/wp-json\/wp\/v2\/users\/1"}],"replies":[{"embeddable":true,"href":"https:\/\/987aldia.com\/web\/wp-json\/wp\/v2\/comments?post=9418"}],"version-history":[{"count":0,"href":"https:\/\/987aldia.com\/web\/wp-json\/wp\/v2\/posts\/9418\/revisions"}],"wp:featuredmedia":[{"embeddable":true,"href":"https:\/\/987aldia.com\/web\/wp-json\/wp\/v2\/media\/9419"}],"wp:attachment":[{"href":"https:\/\/987aldia.com\/web\/wp-json\/wp\/v2\/media?parent=9418"}],"wp:term":[{"taxonomy":"category","embeddable":true,"href":"https:\/\/987aldia.com\/web\/wp-json\/wp\/v2\/categories?post=9418"},{"taxonomy":"post_tag","embeddable":true,"href":"https:\/\/987aldia.com\/web\/wp-json\/wp\/v2\/tags?post=9418"}],"curies":[{"name":"wp","href":"https:\/\/api.w.org\/{rel}","templated":true}]}}