{"id":9431,"date":"2025-09-18T07:38:55","date_gmt":"2025-09-18T05:38:55","guid":{"rendered":"https:\/\/987aldia.com\/web\/record-historico-de-amplitud-termica-en-espana-prado-veneiro-alcanza-385-grados-de-diferencia\/"},"modified":"2025-09-18T07:38:55","modified_gmt":"2025-09-18T05:38:55","slug":"record-historico-de-amplitud-termica-en-espana-prado-veneiro-alcanza-385-grados-de-diferencia","status":"publish","type":"post","link":"https:\/\/987aldia.com\/web\/record-historico-de-amplitud-termica-en-espana-prado-veneiro-alcanza-385-grados-de-diferencia\/","title":{"rendered":"R\u00e9cord Hist\u00f3rico de Amplitud T\u00e9rmica en Espa\u00f1a: Prado Veneiro Alcanza 38,5 Grados de Diferencia"},"content":{"rendered":"<p>El pasado 17 de septiembre de 2023, la peque\u00f1a localidad de Prado Veneiro, situada en la Monta\u00f1a Occidental Leonesa, se convirti\u00f3 en el epicentro de un fen\u00f3meno meteorol\u00f3gico sin precedentes en Espa\u00f1a. La Asociaci\u00f3n Meteorol\u00f3gica Noroeste Peninsular (NOROMET) confirm\u00f3 que este enclave registr\u00f3 una amplitud t\u00e9rmica de 38,5 grados, estableciendo un nuevo r\u00e9cord hist\u00f3rico en el pa\u00eds.<\/p>\n<h2>Un D\u00eda de Contrastes Extremos<\/h2>\n<p>La jornada comenz\u00f3 con una temperatura m\u00ednima de -7,1 grados Celsius, una cifra inusualmente baja para la \u00e9poca del a\u00f1o, incluso en una regi\u00f3n monta\u00f1osa como la Occidental Leonesa. Sin embargo, lo que realmente sorprendi\u00f3 a los meteor\u00f3logos y habitantes por igual fue el ascenso vertiginoso del mercurio, que alcanz\u00f3 una m\u00e1xima de 31,4 grados Celsius en el transcurso del d\u00eda.<\/p>\n<p>Esta variaci\u00f3n de 38,5 grados no solo supera cualquier registro previo en Espa\u00f1a, sino que tambi\u00e9n destaca la volatilidad clim\u00e1tica que puede experimentarse en \u00e1reas monta\u00f1osas, donde las condiciones atmosf\u00e9ricas pueden cambiar dr\u00e1sticamente en cuesti\u00f3n de horas.<\/p>\n<h2>El Contexto Detr\u00e1s del Fen\u00f3meno<\/h2>\n<p>Seg\u00fan los expertos de NOROMET, varios factores contribuyeron a esta inusual amplitud t\u00e9rmica. La combinaci\u00f3n de un frente fr\u00edo que se desplaz\u00f3 r\u00e1pidamente durante la noche y un sistema de alta presi\u00f3n que se estableci\u00f3 durante el d\u00eda permiti\u00f3 que las temperaturas se desplomaran y luego se dispararan en un corto per\u00edodo de tiempo.<\/p>\n<p>Prado Veneiro, al estar situado en una regi\u00f3n monta\u00f1osa, es particularmente susceptible a estos cambios bruscos de temperatura. Las caracter\u00edsticas geogr\u00e1ficas de la zona, junto con las condiciones meteorol\u00f3gicas espec\u00edficas de ese d\u00eda, crearon el escenario perfecto para este fen\u00f3meno extremo.<\/p>\n<h2>Impacto y Reacciones<\/h2>\n<p>El r\u00e9cord ha suscitado inter\u00e9s tanto a nivel nacional como internacional, atrayendo la atenci\u00f3n de meteor\u00f3logos y climat\u00f3logos que buscan entender mejor los patrones clim\u00e1ticos que pueden dar lugar a tales extremos. Aunque no se reportaron da\u00f1os significativos ni afectaciones a la poblaci\u00f3n local, el evento ha servido como un recordatorio de la creciente imprevisibilidad del clima.<\/p>\n<p>De cara al futuro, los expertos sugieren que este tipo de fen\u00f3menos podr\u00edan volverse m\u00e1s comunes debido a los efectos del cambio clim\u00e1tico, que est\u00e1 alterando los patrones meteorol\u00f3gicos tradicionales en todo el mundo. NOROMET ha indicado que continuar\u00e1 monitoreando de cerca la regi\u00f3n para estudiar m\u00e1s a fondo las causas y posibles repercusiones de estos cambios extremos.<\/p>\n<p>En conclusi\u00f3n, el r\u00e9cord de amplitud t\u00e9rmica registrado en Prado Veneiro no solo marca un hito en la historia meteorol\u00f3gica de Espa\u00f1a, sino que tambi\u00e9n subraya la importancia de la vigilancia y el estudio continuo del clima para anticipar y mitigar los efectos de eventos extremos en el futuro.<\/p>\n","protected":false},"excerpt":{"rendered":"<p>El 17 de septiembre de 2023, la Monta\u00f1a Occidental Leonesa fue testigo de una variaci\u00f3n t\u00e9rmica sin precedentes en el pa\u00eds.<\/p>\n","protected":false},"author":1,"featured_media":9432,"comment_status":"open","ping_status":"closed","sticky":false,"template":"","format":"standard","meta":{"_monsterinsights_skip_tracking":false,"_monsterinsights_sitenote_active":false,"_monsterinsights_sitenote_note":"","_monsterinsights_sitenote_category":0,"site-container-style":"default","site-container-layout":"default","site-sidebar-layout":"default","disable-article-header":"default","disable-site-header":"default","disable-site-footer":"default","disable-content-area-spacing":"default","_jetpack_memberships_contains_paid_content":false,"footnotes":"","jetpack_publicize_message":"","jetpack_publicize_feature_enabled":true,"jetpack_social_post_already_shared":true,"jetpack_social_options":{"image_generator_settings":{"template":"highway","default_image_id":0,"font":"","enabled":false},"version":2}},"categories":[1],"tags":[],"class_list":["post-9431","post","type-post","status-publish","format-standard","has-post-thumbnail","hentry","category-uncategorized"],"jetpack_publicize_connections":[],"jetpack_featured_media_url":"https:\/\/987aldia.com\/web\/wp-content\/uploads\/2025\/09\/especialidad_image_20250918_053558_UKQeSG.png","jetpack_sharing_enabled":true,"_links":{"self":[{"href":"https:\/\/987aldia.com\/web\/wp-json\/wp\/v2\/posts\/9431","targetHints":{"allow":["GET"]}}],"collection":[{"href":"https:\/\/987aldia.com\/web\/wp-json\/wp\/v2\/posts"}],"about":[{"href":"https:\/\/987aldia.com\/web\/wp-json\/wp\/v2\/types\/post"}],"author":[{"embeddable":true,"href":"https:\/\/987aldia.com\/web\/wp-json\/wp\/v2\/users\/1"}],"replies":[{"embeddable":true,"href":"https:\/\/987aldia.com\/web\/wp-json\/wp\/v2\/comments?post=9431"}],"version-history":[{"count":0,"href":"https:\/\/987aldia.com\/web\/wp-json\/wp\/v2\/posts\/9431\/revisions"}],"wp:featuredmedia":[{"embeddable":true,"href":"https:\/\/987aldia.com\/web\/wp-json\/wp\/v2\/media\/9432"}],"wp:attachment":[{"href":"https:\/\/987aldia.com\/web\/wp-json\/wp\/v2\/media?parent=9431"}],"wp:term":[{"taxonomy":"category","embeddable":true,"href":"https:\/\/987aldia.com\/web\/wp-json\/wp\/v2\/categories?post=9431"},{"taxonomy":"post_tag","embeddable":true,"href":"https:\/\/987aldia.com\/web\/wp-json\/wp\/v2\/tags?post=9431"}],"curies":[{"name":"wp","href":"https:\/\/api.w.org\/{rel}","templated":true}]}}