{"id":9433,"date":"2025-09-18T07:41:03","date_gmt":"2025-09-18T05:41:03","guid":{"rendered":"https:\/\/987aldia.com\/web\/la-junta-de-castilla-y-leon-anuncia-la-recuperacion-del-mirador-de-orellan\/"},"modified":"2025-09-18T07:41:03","modified_gmt":"2025-09-18T05:41:03","slug":"la-junta-de-castilla-y-leon-anuncia-la-recuperacion-del-mirador-de-orellan","status":"publish","type":"post","link":"https:\/\/987aldia.com\/web\/la-junta-de-castilla-y-leon-anuncia-la-recuperacion-del-mirador-de-orellan\/","title":{"rendered":"La Junta de Castilla y Le\u00f3n Anuncia la Recuperaci\u00f3n del Mirador de Orell\u00e1n"},"content":{"rendered":"<p>En una reuni\u00f3n celebrada en la Casa del Parque de Carucedo, la Junta de Castilla y Le\u00f3n, en colaboraci\u00f3n con la Fundaci\u00f3n Las M\u00e9dulas, ha anunciado la recuperaci\u00f3n total del Mirador de Orell\u00e1n. Este proyecto, que comenzar\u00e1 en noviembre, se centra en la conservaci\u00f3n y gesti\u00f3n del patrimonio cultural y natural de la zona, declarada Patrimonio de la Humanidad por la UNESCO.<\/p>\n<h2>Un Proyecto de Conservaci\u00f3n Integral<\/h2>\n<p>El anuncio fue realizado por Gonzalo Santonja, representante de la Junta de Castilla y Le\u00f3n, quien destac\u00f3 la importancia de este proyecto para la regi\u00f3n. &#8216;El Mirador de Orell\u00e1n es un punto clave para la apreciaci\u00f3n de Las M\u00e9dulas, y su recuperaci\u00f3n es esencial para garantizar que tanto los visitantes como las futuras generaciones puedan disfrutar de este entorno \u00fanico&#8217;, afirm\u00f3 Santonja.<\/p>\n<p>El proyecto cuenta con el respaldo de importantes instituciones como el Consejo Superior de Investigaciones Cient\u00edficas (CSIC), la UNESCO y el Consejo Internacional de Monumentos y Sitios (ICOMOS). Estas organizaciones han colaborado en la elaboraci\u00f3n de un informe detallado que identifica 39 \u00e1reas de actuaci\u00f3n necesarias para asegurar la conservaci\u00f3n del mirador y su entorno.<\/p>\n<h2>Detalles del Informe y \u00c1reas de Actuaci\u00f3n<\/h2>\n<p>El informe, que ha sido el resultado de un extenso estudio realizado por expertos en conservaci\u00f3n y gesti\u00f3n del patrimonio, detalla las medidas necesarias para abordar los desaf\u00edos que enfrenta el Mirador de Orell\u00e1n. Entre las \u00e1reas de actuaci\u00f3n se incluyen la estabilizaci\u00f3n de estructuras, la mejora de accesos y la implementaci\u00f3n de tecnolog\u00edas para monitorear el impacto ambiental y el flujo de visitantes.<\/p>\n<p>Adem\u00e1s, se ha puesto un fuerte \u00e9nfasis en la educaci\u00f3n y sensibilizaci\u00f3n del p\u00fablico sobre la importancia de preservar este sitio hist\u00f3rico. La Fundaci\u00f3n Las M\u00e9dulas ha anunciado que se llevar\u00e1n a cabo talleres y actividades educativas dirigidas a la comunidad local y a los turistas.<\/p>\n<h2>Impacto y Pr\u00f3ximos Pasos<\/h2>\n<p>La recuperaci\u00f3n del Mirador de Orell\u00e1n no solo busca preservar un importante patrimonio cultural, sino que tambi\u00e9n tiene el potencial de revitalizar el turismo en la regi\u00f3n. Las M\u00e9dulas, con su impresionante paisaje de antiguas minas de oro romanas, es un destino tur\u00edstico de renombre que atrae a miles de visitantes cada a\u00f1o.<\/p>\n<p>Con la implementaci\u00f3n de este proyecto, se espera que el n\u00famero de visitantes aumente, lo que podr\u00eda tener un impacto positivo en la econom\u00eda local. La Junta de Castilla y Le\u00f3n y la Fundaci\u00f3n Las M\u00e9dulas han expresado su compromiso de trabajar estrechamente con la comunidad para asegurar que los beneficios del turismo se distribuyan equitativamente.<\/p>\n<p>En los pr\u00f3ximos meses, se espera que se lleven a cabo m\u00e1s reuniones y consultas con las partes interesadas para afinar los detalles del proyecto y asegurar su \u00e9xito. La colaboraci\u00f3n entre las instituciones y la comunidad ser\u00e1 clave para la realizaci\u00f3n de este ambicioso plan de recuperaci\u00f3n.<\/p>\n","protected":false},"excerpt":{"rendered":"<p>El proyecto, previsto para noviembre, busca preservar el patrimonio cultural y natural de Las M\u00e9dulas.<\/p>\n","protected":false},"author":1,"featured_media":9434,"comment_status":"open","ping_status":"closed","sticky":false,"template":"","format":"standard","meta":{"_monsterinsights_skip_tracking":false,"_monsterinsights_sitenote_active":false,"_monsterinsights_sitenote_note":"","_monsterinsights_sitenote_category":0,"site-container-style":"default","site-container-layout":"default","site-sidebar-layout":"default","disable-article-header":"default","disable-site-header":"default","disable-site-footer":"default","disable-content-area-spacing":"default","_jetpack_memberships_contains_paid_content":false,"footnotes":"","jetpack_publicize_message":"","jetpack_publicize_feature_enabled":true,"jetpack_social_post_already_shared":true,"jetpack_social_options":{"image_generator_settings":{"template":"highway","default_image_id":0,"font":"","enabled":false},"version":2}},"categories":[1],"tags":[],"class_list":["post-9433","post","type-post","status-publish","format-standard","has-post-thumbnail","hentry","category-uncategorized"],"jetpack_publicize_connections":[],"jetpack_featured_media_url":"https:\/\/987aldia.com\/web\/wp-content\/uploads\/2025\/09\/articulo_20250918_054045_zYQkhz.png","jetpack_sharing_enabled":true,"_links":{"self":[{"href":"https:\/\/987aldia.com\/web\/wp-json\/wp\/v2\/posts\/9433","targetHints":{"allow":["GET"]}}],"collection":[{"href":"https:\/\/987aldia.com\/web\/wp-json\/wp\/v2\/posts"}],"about":[{"href":"https:\/\/987aldia.com\/web\/wp-json\/wp\/v2\/types\/post"}],"author":[{"embeddable":true,"href":"https:\/\/987aldia.com\/web\/wp-json\/wp\/v2\/users\/1"}],"replies":[{"embeddable":true,"href":"https:\/\/987aldia.com\/web\/wp-json\/wp\/v2\/comments?post=9433"}],"version-history":[{"count":0,"href":"https:\/\/987aldia.com\/web\/wp-json\/wp\/v2\/posts\/9433\/revisions"}],"wp:featuredmedia":[{"embeddable":true,"href":"https:\/\/987aldia.com\/web\/wp-json\/wp\/v2\/media\/9434"}],"wp:attachment":[{"href":"https:\/\/987aldia.com\/web\/wp-json\/wp\/v2\/media?parent=9433"}],"wp:term":[{"taxonomy":"category","embeddable":true,"href":"https:\/\/987aldia.com\/web\/wp-json\/wp\/v2\/categories?post=9433"},{"taxonomy":"post_tag","embeddable":true,"href":"https:\/\/987aldia.com\/web\/wp-json\/wp\/v2\/tags?post=9433"}],"curies":[{"name":"wp","href":"https:\/\/api.w.org\/{rel}","templated":true}]}}