{"id":9435,"date":"2025-09-18T07:45:02","date_gmt":"2025-09-18T05:45:02","guid":{"rendered":"https:\/\/987aldia.com\/web\/la-junta-de-castilla-y-leon-rechaza-la-propuesta-del-gobierno-sobre-interinos\/"},"modified":"2025-09-18T07:45:02","modified_gmt":"2025-09-18T05:45:02","slug":"la-junta-de-castilla-y-leon-rechaza-la-propuesta-del-gobierno-sobre-interinos","status":"publish","type":"post","link":"https:\/\/987aldia.com\/web\/la-junta-de-castilla-y-leon-rechaza-la-propuesta-del-gobierno-sobre-interinos\/","title":{"rendered":"La Junta de Castilla y Le\u00f3n rechaza la propuesta del Gobierno sobre interinos"},"content":{"rendered":"<p>El 17 de septiembre de 2025, la Junta de Castilla y Le\u00f3n expres\u00f3 su rechazo a la propuesta del Gobierno de Espa\u00f1a que busca reducir la duraci\u00f3n m\u00e1xima de los nombramientos del personal interino de tres a dos a\u00f1os. Esta decisi\u00f3n fue anunciada por la Consejer\u00eda de la Presidencia de la Junta, liderada por Luis Miguel Gonz\u00e1lez Gago, quien argument\u00f3 que la medida podr\u00eda afectar negativamente la continuidad y calidad de los servicios p\u00fablicos en la regi\u00f3n.<\/p>\n<h2>Detalles de la Propuesta<\/h2>\n<p>El Gobierno de Espa\u00f1a ha propuesto una modificaci\u00f3n en la normativa que regula la duraci\u00f3n de los contratos del personal interino, con el objetivo de fomentar una mayor estabilidad laboral y reducir la temporalidad en el sector p\u00fablico. La propuesta incluye la reducci\u00f3n del periodo m\u00e1ximo de nombramiento de tres a dos a\u00f1os, una medida que ha sido recibida con escepticismo por parte de varias comunidades aut\u00f3nomas, incluida Castilla y Le\u00f3n.<\/p>\n<p>La Junta de Castilla y Le\u00f3n, a trav\u00e9s de su portavoz, Luis Miguel Gonz\u00e1lez Gago, ha manifestado que esta reducci\u00f3n no solo es insuficiente para abordar los problemas estructurales del empleo p\u00fablico, sino que tambi\u00e9n podr\u00eda comprometer la prestaci\u00f3n de servicios esenciales. Seg\u00fan Gonz\u00e1lez Gago, la medida no contempla las particularidades de cada comunidad aut\u00f3noma y podr\u00eda generar una rotaci\u00f3n excesiva de personal, afectando la experiencia y la eficiencia en la administraci\u00f3n p\u00fablica.<\/p>\n<h2>Impacto en los Servicios P\u00fablicos<\/h2>\n<p>La Junta ha subrayado que la estabilidad del personal interino es crucial para mantener la calidad de los servicios p\u00fablicos, especialmente en \u00e1reas como la educaci\u00f3n y la sanidad, donde la experiencia y continuidad del personal son fundamentales. La rotaci\u00f3n frecuente de trabajadores podr\u00eda llevar a una p\u00e9rdida de conocimiento institucional y afectar la implementaci\u00f3n de pol\u00edticas a largo plazo.<\/p>\n<p>Adem\u00e1s, la Junta ha se\u00f1alado que la propuesta del Gobierno no aborda adecuadamente la necesidad de convocatorias de empleo p\u00fablico que permitan la consolidaci\u00f3n de plazas y la reducci\u00f3n de la temporalidad de manera efectiva. En este sentido, Castilla y Le\u00f3n aboga por una reforma m\u00e1s integral que contemple no solo la duraci\u00f3n de los contratos, sino tambi\u00e9n medidas que faciliten la estabilizaci\u00f3n del empleo p\u00fablico.<\/p>\n<h2>Pr\u00f3ximos Pasos<\/h2>\n<p>Ante el rechazo de la propuesta, la Junta de Castilla y Le\u00f3n ha instado al Gobierno de Espa\u00f1a a reconsiderar su enfoque y a entablar un di\u00e1logo m\u00e1s amplio con las comunidades aut\u00f3nomas para desarrollar una soluci\u00f3n que tenga en cuenta las necesidades espec\u00edficas de cada regi\u00f3n. Se espera que en las pr\u00f3ximas semanas se celebren reuniones entre representantes del Gobierno central y las comunidades aut\u00f3nomas para discutir posibles ajustes a la propuesta inicial.<\/p>\n<p>El desacuerdo sobre la duraci\u00f3n de los nombramientos del personal interino es un ejemplo m\u00e1s de las tensiones entre el Gobierno central y las comunidades aut\u00f3nomas en la gesti\u00f3n del empleo p\u00fablico, un tema que seguir\u00e1 siendo objeto de debate en los pr\u00f3ximos meses. La Junta de Castilla y Le\u00f3n, por su parte, ha reiterado su compromiso de defender los intereses de sus ciudadanos y de garantizar la calidad de los servicios p\u00fablicos en la regi\u00f3n.<\/p>\n","protected":false},"excerpt":{"rendered":"<p>El desacuerdo se centra en la reducci\u00f3n de la duraci\u00f3n de los nombramientos del personal interino de tres a dos a\u00f1os.<\/p>\n","protected":false},"author":1,"featured_media":9436,"comment_status":"open","ping_status":"closed","sticky":false,"template":"","format":"standard","meta":{"_monsterinsights_skip_tracking":false,"_monsterinsights_sitenote_active":false,"_monsterinsights_sitenote_note":"","_monsterinsights_sitenote_category":0,"site-container-style":"default","site-container-layout":"default","site-sidebar-layout":"default","disable-article-header":"default","disable-site-header":"default","disable-site-footer":"default","disable-content-area-spacing":"default","_jetpack_memberships_contains_paid_content":false,"footnotes":"","jetpack_publicize_message":"","jetpack_publicize_feature_enabled":true,"jetpack_social_post_already_shared":true,"jetpack_social_options":{"image_generator_settings":{"template":"highway","default_image_id":0,"font":"","enabled":false},"version":2}},"categories":[1],"tags":[],"class_list":["post-9435","post","type-post","status-publish","format-standard","has-post-thumbnail","hentry","category-uncategorized"],"jetpack_publicize_connections":[],"jetpack_featured_media_url":"https:\/\/987aldia.com\/web\/wp-content\/uploads\/2025\/09\/especialidad_image_20250918_054319_hGoqg6.png","jetpack_sharing_enabled":true,"_links":{"self":[{"href":"https:\/\/987aldia.com\/web\/wp-json\/wp\/v2\/posts\/9435","targetHints":{"allow":["GET"]}}],"collection":[{"href":"https:\/\/987aldia.com\/web\/wp-json\/wp\/v2\/posts"}],"about":[{"href":"https:\/\/987aldia.com\/web\/wp-json\/wp\/v2\/types\/post"}],"author":[{"embeddable":true,"href":"https:\/\/987aldia.com\/web\/wp-json\/wp\/v2\/users\/1"}],"replies":[{"embeddable":true,"href":"https:\/\/987aldia.com\/web\/wp-json\/wp\/v2\/comments?post=9435"}],"version-history":[{"count":0,"href":"https:\/\/987aldia.com\/web\/wp-json\/wp\/v2\/posts\/9435\/revisions"}],"wp:featuredmedia":[{"embeddable":true,"href":"https:\/\/987aldia.com\/web\/wp-json\/wp\/v2\/media\/9436"}],"wp:attachment":[{"href":"https:\/\/987aldia.com\/web\/wp-json\/wp\/v2\/media?parent=9435"}],"wp:term":[{"taxonomy":"category","embeddable":true,"href":"https:\/\/987aldia.com\/web\/wp-json\/wp\/v2\/categories?post=9435"},{"taxonomy":"post_tag","embeddable":true,"href":"https:\/\/987aldia.com\/web\/wp-json\/wp\/v2\/tags?post=9435"}],"curies":[{"name":"wp","href":"https:\/\/api.w.org\/{rel}","templated":true}]}}