{"id":9443,"date":"2025-09-18T12:05:34","date_gmt":"2025-09-18T10:05:34","guid":{"rendered":"https:\/\/987aldia.com\/web\/rapido-cambio-de-estacion-leon-pasara-de-verano-a-invierno-en-cuestion-de-horas-debido-a-un-chorro-polar\/"},"modified":"2025-09-18T12:05:34","modified_gmt":"2025-09-18T10:05:34","slug":"rapido-cambio-de-estacion-leon-pasara-de-verano-a-invierno-en-cuestion-de-horas-debido-a-un-chorro-polar","status":"publish","type":"post","link":"https:\/\/987aldia.com\/web\/rapido-cambio-de-estacion-leon-pasara-de-verano-a-invierno-en-cuestion-de-horas-debido-a-un-chorro-polar\/","title":{"rendered":"R\u00e1pido cambio de estaci\u00f3n: Le\u00f3n pasar\u00e1 de verano a invierno en cuesti\u00f3n de horas debido a un chorro polar"},"content":{"rendered":"<p>La tranquila calma del verano en Le\u00f3n se ver\u00e1 abruptamente interrumpida por la irrupci\u00f3n de un chorro polar que traer\u00e1 consigo un brusco cambio en las condiciones meteorol\u00f3gicas. La llegada de esta masa de aire fr\u00edo provocar\u00e1 un dr\u00e1stico descenso de las temperaturas en la provincia, que pasar\u00e1n de un clima veraniego a un ambiente m\u00e1s invernal en cuesti\u00f3n de pocas horas.<\/p>\n<p>Se espera que la lluvia sea la protagonista indiscutible durante el fin de semana, acompa\u00f1ada de vientos fuertes y una notable disminuci\u00f3n en los term\u00f3metros. Los habitantes de Le\u00f3n deber\u00e1n prepararse para hacer frente a este repentino cambio clim\u00e1tico y adaptar sus planes de ocio y actividades al nuevo escenario que les depara el tiempo inestable que se avecina.<\/p>\n<p>Ante esta situaci\u00f3n, las autoridades locales recomiendan extremar las precauciones y tomar las medidas necesarias para protegerse del fr\u00edo y la humedad, as\u00ed como estar atentos a las posibles incidencias que puedan surgir debido a las condiciones meteorol\u00f3gicas adversas. Es fundamental estar informado y seguir las indicaciones de los servicios de emergencia para garantizar la seguridad de todos los ciudadanos ante la llegada de este chorro polar que transformar\u00e1 el verano en invierno en tan solo unas horas en la provincia de Le\u00f3n.<\/p>\n","protected":false},"excerpt":{"rendered":"<p>La tranquila calma del verano en Le\u00f3n se ver\u00e1 abruptamente interrumpida por la irrupci\u00f3n de un chorro polar que traer\u00e1 consigo un brusco cambio en las condiciones meteorol\u00f3gicas. La llegada de esta masa de aire fr\u00edo provocar\u00e1 un dr\u00e1stico descenso de las temperaturas en la provincia, que pasar\u00e1n de un clima veraniego a un ambiente [&hellip;]<\/p>\n","protected":false},"author":1,"featured_media":9444,"comment_status":"open","ping_status":"closed","sticky":false,"template":"","format":"standard","meta":{"_monsterinsights_skip_tracking":false,"_monsterinsights_sitenote_active":false,"_monsterinsights_sitenote_note":"","_monsterinsights_sitenote_category":0,"site-container-style":"default","site-container-layout":"default","site-sidebar-layout":"default","disable-article-header":"default","disable-site-header":"default","disable-site-footer":"default","disable-content-area-spacing":"default","_jetpack_memberships_contains_paid_content":false,"footnotes":"","jetpack_publicize_message":"","jetpack_publicize_feature_enabled":true,"jetpack_social_post_already_shared":true,"jetpack_social_options":{"image_generator_settings":{"template":"highway","default_image_id":0,"font":"","enabled":false},"version":2}},"categories":[1],"tags":[],"class_list":["post-9443","post","type-post","status-publish","format-standard","has-post-thumbnail","hentry","category-uncategorized"],"jetpack_publicize_connections":[],"jetpack_featured_media_url":"https:\/\/987aldia.com\/web\/wp-content\/uploads\/2025\/09\/openai-image-1758189934.png","jetpack_sharing_enabled":true,"_links":{"self":[{"href":"https:\/\/987aldia.com\/web\/wp-json\/wp\/v2\/posts\/9443","targetHints":{"allow":["GET"]}}],"collection":[{"href":"https:\/\/987aldia.com\/web\/wp-json\/wp\/v2\/posts"}],"about":[{"href":"https:\/\/987aldia.com\/web\/wp-json\/wp\/v2\/types\/post"}],"author":[{"embeddable":true,"href":"https:\/\/987aldia.com\/web\/wp-json\/wp\/v2\/users\/1"}],"replies":[{"embeddable":true,"href":"https:\/\/987aldia.com\/web\/wp-json\/wp\/v2\/comments?post=9443"}],"version-history":[{"count":0,"href":"https:\/\/987aldia.com\/web\/wp-json\/wp\/v2\/posts\/9443\/revisions"}],"wp:featuredmedia":[{"embeddable":true,"href":"https:\/\/987aldia.com\/web\/wp-json\/wp\/v2\/media\/9444"}],"wp:attachment":[{"href":"https:\/\/987aldia.com\/web\/wp-json\/wp\/v2\/media?parent=9443"}],"wp:term":[{"taxonomy":"category","embeddable":true,"href":"https:\/\/987aldia.com\/web\/wp-json\/wp\/v2\/categories?post=9443"},{"taxonomy":"post_tag","embeddable":true,"href":"https:\/\/987aldia.com\/web\/wp-json\/wp\/v2\/tags?post=9443"}],"curies":[{"name":"wp","href":"https:\/\/api.w.org\/{rel}","templated":true}]}}